{"id":7687,"date":"2017-04-21T11:54:55","date_gmt":"2017-04-21T08:54:55","guid":{"rendered":"http:\/\/www.terveilm.ee\/leht\/?p=7687"},"modified":"2017-04-24T10:36:31","modified_gmt":"2017-04-24T07:36:31","slug":"moerevolutsioon-eestis-whomademyclothes","status":"publish","type":"post","link":"https:\/\/www.terveilm.ee\/leht\/blogi\/moerevolutsioon-eestis-whomademyclothes\/","title":{"rendered":"Moerevolutsioon Eestis! #whomademyclothes?"},"content":{"rendered":"<p><strong>Moerevolutsiooni p\u00e4ev, mida t\u00e4histatakse 90-s riigis, k\u00fcsib \u201cKes minu riided tegi?\u201c. Nelja aastaga on Moerevolutsiooni n\u00e4dal kasvanud \u00fclemaailmseks liikumiseks, millest v\u00f5tavad lisaks inim\u00f5iguslastele ja keskkonnaaktivistidele osa sajad tuhanded tarbijad ja tuhanded tootjad.<\/strong><\/p>\n<p>K\u00fcsime r\u00f5ivatootjatelt, kes minu riided valmistas? Arutleme, kuidas saavad praegust olukorda muuta tarbijad, tootjad ja valitsused.<\/p>\n<p><strong>Moerevolutsiooni n\u00e4dala\u00a0s\u00fcndmused Eestis 24. &#8211; 29. aprillil.<\/strong><\/p>\n<p><strong>KINO<\/strong><\/p>\n<p>Esmasp\u00e4eval kell 17.00 &#8220;Minimalism &#8211; A Documentary About The Important Things&#8221;. Eriseanss kinos S\u00f5prus\u00a0(<a href=\"https:\/\/www.facebook.com\/events\/409277486119693\/\" target=\"_blank\">lisainfo<\/a>).<\/p>\n<p>Neljap\u00e4eval kell 16.00 &#8220;The True Cost&#8221; Tallinnas, kinos S\u00f5prus (<a href=\"http:\/\/www.kinosoprus.ee\/et\/movie\/true-cost\" target=\"_blank\">lisainfo<\/a>).<\/p>\n<p>Neljap\u00e4eval kell 19.00 &#8220;The True Cost&#8221; Tartus, Erinevate Tubade Klubis (<a href=\"https:\/\/www.facebook.com\/events\/279744822469203\/\" target=\"_blank\">lisainfo<\/a>).<\/p>\n<p>&nbsp;<\/p>\n<p><strong>T\u00d6\u00d6TOAD, ARUTELUD<\/strong><\/p>\n<p>Neljap\u00e4eval kell 18.00 &#8211; 20.00 Mondo Akadeemia: &#8220;Kas j\u00e4tkusuutlik moet\u00f6\u00f6stus on v\u00f5imalik?&#8221;\u00a0(<a href=\"https:\/\/www.facebook.com\/events\/1135670239911606\/\" target=\"_blank\">lisainfo<\/a>).<\/p>\n<p>Neljap\u00e4eval, reedel ja laup\u00e4eval toimuvad Tartus teadliku elustiili poes Slow haulternative t\u00f6\u00f6toad, kus antakse\u00a0vanadele riietele uus elu (<a href=\"https:\/\/www.facebook.com\/events\/101385830409617\/\" target=\"_blank\">lisainfo)<\/a>.<\/p>\n<p>Laup\u00e4eval kell 12.00 &#8211; 18.00 toimub Tartu Keskpargis Maailmat\u00e4nava festival, kus iga soovija saab riidetootjale postkaardi saata\u00a0ja k\u00fcsida, kes minu riided tegi? (<a href=\"https:\/\/www.facebook.com\/events\/1428723070528464\/\" target=\"_blank\">lisainfo)<\/a><\/p>\n<p>Laup\u00e4eval kell 12.00 &#8211; 18.00 saab Tartus rohelist m\u00f5tteviisi praktiliselt edendada ja uute asjade asemel eelistada taaskasutust. M\u00fc\u00fcrilille t\u00e4ika toimub Aparaaditehases (<a href=\"https:\/\/www.facebook.com\/events\/1255646611220195\/\" target=\"_blank\">lisainfo)<\/a>.<\/p>\n<p>&nbsp;<\/p>\n<p>Moerevolutsiooni p\u00e4eva t\u00e4histati esimest korda 24. aprillil 2014, et m\u00e4lestada\u00a0Bangladeshi pealinnas Dhakas kokku kukkunud Rana Plaza tehasekompleksi t\u00f6\u00f6tajaid ning n\u00e4idata, et muudatused tekstiilit\u00f6\u00f6stuses on vajalikud. Selle s\u00fcndmuse valguses sai selgeks, et enamik meist ei tea, kuidas ja kus meie riided on toodetud ning ei olda teadlikud, kui laastavad v\u00f5ivad olla selle tootmisharu m\u00f5jud.<\/p>\n<p><em>Foto: fashionrevolution.org<\/em><\/p>\n<p>&nbsp;<\/p>\n<p>&nbsp;<\/p>\n<p>&nbsp;<\/p>\n","protected":false},"excerpt":{"rendered":"<p>Moerevolutsiooni p\u00e4ev, mida t\u00e4histatakse 90-s riigis, k\u00fcsib \u201cKes minu riided tegi?\u201c. Nelja aastaga on Moerevolutsiooni n\u00e4dal kasvanud \u00fclemaailmseks liikumiseks, millest&#8230;<\/p>\n","protected":false},"author":32,"featured_media":7688,"comment_status":"open","ping_status":"open","sticky":false,"template":"","format":"standard","meta":{"_acf_changed":false,"footnotes":""},"categories":[3],"tags":[26,33,24],"class_list":["post-7687","post","type-post","status-publish","format-standard","has-post-thumbnail","hentry","category-blogi","tag-loodushoid","tag-majandus","tag-tarbimine"],"acf":[],"_links":{"self":[{"href":"https:\/\/www.terveilm.ee\/leht\/wp-json\/wp\/v2\/posts\/7687","targetHints":{"allow":["GET"]}}],"collection":[{"href":"https:\/\/www.terveilm.ee\/leht\/wp-json\/wp\/v2\/posts"}],"about":[{"href":"https:\/\/www.terveilm.ee\/leht\/wp-json\/wp\/v2\/types\/post"}],"author":[{"embeddable":true,"href":"https:\/\/www.terveilm.ee\/leht\/wp-json\/wp\/v2\/users\/32"}],"replies":[{"embeddable":true,"href":"https:\/\/www.terveilm.ee\/leht\/wp-json\/wp\/v2\/comments?post=7687"}],"version-history":[{"count":5,"href":"https:\/\/www.terveilm.ee\/leht\/wp-json\/wp\/v2\/posts\/7687\/revisions"}],"predecessor-version":[{"id":7708,"href":"https:\/\/www.terveilm.ee\/leht\/wp-json\/wp\/v2\/posts\/7687\/revisions\/7708"}],"wp:featuredmedia":[{"embeddable":true,"href":"https:\/\/www.terveilm.ee\/leht\/wp-json\/wp\/v2\/media\/7688"}],"wp:attachment":[{"href":"https:\/\/www.terveilm.ee\/leht\/wp-json\/wp\/v2\/media?parent=7687"}],"wp:term":[{"taxonomy":"category","embeddable":true,"href":"https:\/\/www.terveilm.ee\/leht\/wp-json\/wp\/v2\/categories?post=7687"},{"taxonomy":"post_tag","embeddable":true,"href":"https:\/\/www.terveilm.ee\/leht\/wp-json\/wp\/v2\/tags?post=7687"}],"curies":[{"name":"wp","href":"https:\/\/api.w.org\/{rel}","templated":true}]}}