{"id":7712,"date":"2017-04-26T12:05:28","date_gmt":"2017-04-26T09:05:28","guid":{"rendered":"http:\/\/www.terveilm.ee\/leht\/?p=7712"},"modified":"2017-04-27T16:22:18","modified_gmt":"2017-04-27T13:22:18","slug":"mis-maailmatanaval-toimub","status":"publish","type":"post","link":"https:\/\/www.terveilm.ee\/leht\/blogi\/mis-maailmatanaval-toimub\/","title":{"rendered":"Mis Maailmat\u00e4naval toimub?"},"content":{"rendered":"<p><strong>29. aprillil kell 12.00 \u2013 18.00 korraldab\u00a0<\/strong><strong>AK\u00dc\u00a0koos liikmetega\u00a0Tartus Maailmat\u00e4nava. Oleme keset Tartu Kevadp\u00e4evade melu, Keskpargi\u00a0Poe t\u00e4nava poolses servas.\u00a0Maailmat\u00e4nava eesm\u00e4rk on tutvustada meist kaugel olevate riikide kultuuri ja n\u00e4idata, kuidas eestimaalaste head teod suudavad maailma muuta.<\/strong><\/p>\n<p><strong>Tegevusi on palju, nii et paneme \u00fchte kohta kirja k\u00f5ik, mis plaanis. K\u00f5ikide osalejate info oleme koondanud ka<a href=\"https:\/\/www.facebook.com\/events\/1428723070528464\/\" target=\"_blank\"> FB Maailmat\u00e4nava s\u00fcndmusele<\/a>. Osale ja jaga s\u00f5pradega!<\/strong><\/p>\n<p><strong>LAVAL<\/strong><\/p>\n<p>12.00 &#8211; 12.45 kliimahommikus\u00f6\u00f6k. Saame teada, kuidas on seotud kliimamuutused meie igap\u00e4evase toiduga. Osalemiseks on vaja <a href=\"http:\/\/doodle.com\/poll\/5ukg6hm3bxt8z32y\" target=\"_blank\">registreeruda siin.<\/a><br \/>\n13.00 &#8211; 14.00 T\u00dc v\u00e4itlusklubi avalik v\u00e4itlus:\u00a0Kui palju saab Tartu oma elanikele kestliku eluviisi osas eeskuju n\u00e4idata? V\u00e4itlust tuleb kommenteerima Tartu abilinnapea Jarno Laur.<br \/>\n14.15 &#8211; 15.15 Aafrika r\u00fctmid &#8211; Sunshine Septet<br \/>\n15.30 &#8211; 16.30 L\u00e4his-ida tantsut\u00f6\u00f6tuba<br \/>\n17.00 &#8211; 18.00 Udmurdi ansambel &#8220;Jum\u0161an gur&#8221; ja Pavel Kutergin. Ansambel esineb, r\u00e4\u00e4gib lugusid ning viib l\u00e4bi tantsulisi m\u00e4nge, mis on seotud k\u00fclaliste vastu v\u00f5tmise kommetega.<br \/>\nP\u00e4eva jooksul hoiab tuju \u00fcleval\u00a0DJ Miss Savi kuumade r\u00fctmidega.<\/p>\n<p><a href=\"http:\/\/www.terveilm.ee\/leht\/wp-content\/uploads\/2017\/04\/Udmurt-Pavel-Kutergin.jpg\"><img loading=\"lazy\" decoding=\"async\" class=\"aligncenter size-medium wp-image-7715\" src=\"http:\/\/www.terveilm.ee\/leht\/wp-content\/uploads\/2017\/04\/Udmurt-Pavel-Kutergin-300x197.jpg\" alt=\"Udmurt Pavel Kutergin\" width=\"300\" height=\"197\" srcset=\"https:\/\/www.terveilm.ee\/leht\/wp-content\/uploads\/2017\/04\/Udmurt-Pavel-Kutergin-300x197.jpg 300w, https:\/\/www.terveilm.ee\/leht\/wp-content\/uploads\/2017\/04\/Udmurt-Pavel-Kutergin-1024x674.jpg 1024w, https:\/\/www.terveilm.ee\/leht\/wp-content\/uploads\/2017\/04\/Udmurt-Pavel-Kutergin.jpg 1349w\" sizes=\"auto, (max-width: 300px) 100vw, 300px\" \/><\/a><\/p>\n<p><strong>KELL 12 &#8211; 18 \u00a0ON AVATUD MAAILMAT\u00c4NAVA MAJAD:<br \/>\n<\/strong><\/p>\n<p><strong>Eesti Pagulasabi<\/strong> telgis saab m\u00e4rke valmistada, virtuaalreaalsuses k\u00e4ia ja osaleda maiustuste valmistamise t\u00f6\u00f6toas. Rohkem infot nende <a href=\"https:\/\/www.facebook.com\/events\/1890364064544533\/\" target=\"_blank\">FB s\u00fcndmuselt<\/a>.<\/p>\n<p><strong>Tartu Rahvusvaheline Majal\u00a0<\/strong>on telk sagimist t\u00e4is. L\u00e4his-Ida toidut\u00f6\u00f6toas tehakse \u00fcheskoos\u00a0maitsev potit\u00e4is dawalisid (riisiga t\u00e4idetud viinamarjalehed), et osalejad oskaksid teinekord ise teha ja s\u00f5pru kostitada.\u00a0Samal ajal kui roog potis podiseb, on v\u00f5imalus \u00f5ppida Palestiina traditsioonilis\u200bt dabke tantsu Lameesi ja Alaa juhatusel. Dabke on araabia tants, mis on v\u00e4ga tempokas, energiline ja mitmetest h\u00fcpiksammudest koosnev. Dabke on \u00fcks levinumaid L\u00e4his-Ida tantse, mida algselt tantsiti kurjade j\u00f5udude peletamiseks, aga t\u00e4nap\u00e4eval ka pulmas jt s\u00fcndmustel. Avatud on ka v\u00e4ike keelenurk, kus saab \u00f5ppida oma nime kirjutama araabia keeles.\u00a0Lisaks avame v\u00e4ikese\u00a0Palestiina toidu kioski\u00a0&#8211; m\u00fc\u00fcme falafel v\u00f5ikusid ja talupoegade rooga mjaddarat ning araabia kohvi.<\/p>\n<p><strong>Invis<\/strong> tutvustab Udmurtia k\u00e4sit\u00f6\u00f6d, hingematvat loodust ja muusikat. Saame teada, kuidas v\u00f5tavad Udmurdid k\u00fclalisi vastu.<\/p>\n<p><strong>Kamibi Ilusalong<\/strong> teeb soovijatele punupatse ja hennamaalingud.<\/p>\n<p><strong>Mondo<\/strong> pakub Aafrika k\u00e4sit\u00f6\u00f6d, mis aitab kohalikke naisi (punutud korvid, sheav\u00f5i, p\u00f5lled). \u00a0Lisaks saab t\u00f5mmata loosirattast ja osaleda v\u00e4lk-viktoriinis.<\/p>\n<p><strong>Eesti Rohelise Liikumise<\/strong> telgis arutletakse P\u00f5xiti ehk P\u00f5levkivi-Exiti teemadel. Samuti on huvilistel v\u00f5imalik tutvuda foton\u00e4itusega \u201eMeie oleme Svanethi\u201c\u00a0maalilisest Gruusia loodusest ja kohalikust eluolust. N\u00e4itus kajastab Svanethi kohalike p\u00fc\u00fcdlusi s\u00e4ilitada oma elukeskkonda samal ajal, kui sinna plaanitakse rajada 35 h\u00fcdroelektrijaama. Lisaks saab kaasa r\u00e4\u00e4kida Rohelise Tee \u00d5htu teemade osas, teha koos s\u00f5braga fotoboksis tulevikku vaatav pilt ja soetada isiklik seemnepall.<\/p>\n<p><strong>Kiusuvabal alal<\/strong>\u00a0pakuvad Kiusamisvaba Kooli, Salliva Kooli ja TORE avatud ja ettev\u00f5tlikud eestvedajad v\u00f5imalust s\u00f5bralikeks \u00fchistegevusteks lastele ja noortele. Joonistame plakateid, arutleme sallivuse ning sallimatuse teemadel, teeme k\u00e4epaelu ja saame teada, kuidas on k\u00f5ige parem kiusamist ennetada.<\/p>\n<p><strong>Step Up<\/strong> kohvikust saab maitsvat ning \u00f5iglaselt valmistatud kohvi ja \u0161okolaadi.<\/p>\n<p><strong>Moerevolutsiooni p\u00e4ev k\u00fcsib: kes minu riided tegi?<\/strong> Huvilised saavad t\u00e4ita postkaarte tootjatele ja neilt aru p\u00e4rida, kas tootja teab ja hoolib, kes on meie\u00a0riided valmistanud.<\/p>\n<p>&nbsp;<\/p>\n<p><em>Maailmat\u00e4nava k\u00f5rval on avatud <a href=\"https:\/\/www.facebook.com\/events\/714124318748650\/\" target=\"_blank\">Tudengit\u00e4nav<\/a>, kuhu koonduvad toiduautod ja erinevad tudengite v\u00f5istlused.\u00a0<\/em><\/p>\n<p><em>\u00dcritus kuulub Tartu Tudengip\u00e4evad: Kevad 2017 kavva. Vaata l\u00e4hemalt <a href=\"http:\/\/www.studentdays.ee\" target=\"_blank\">www.studentdays.ee<\/a><\/em><\/p>\n<p><a href=\"http:\/\/www.terveilm.ee\/leht\/wp-content\/uploads\/2017\/04\/EL-logo.jpg\"><img loading=\"lazy\" decoding=\"async\" class=\" wp-image-7723 alignleft\" src=\"http:\/\/www.terveilm.ee\/leht\/wp-content\/uploads\/2017\/04\/EL-logo-300x200.jpg\" alt=\"EL logo\" width=\"150\" height=\"100\" srcset=\"https:\/\/www.terveilm.ee\/leht\/wp-content\/uploads\/2017\/04\/EL-logo-300x200.jpg 300w, https:\/\/www.terveilm.ee\/leht\/wp-content\/uploads\/2017\/04\/EL-logo-1024x683.jpg 1024w\" sizes=\"auto, (max-width: 150px) 100vw, 150px\" \/><img loading=\"lazy\" decoding=\"async\" class=\" wp-image-7724 alignleft\" src=\"http:\/\/www.terveilm.ee\/leht\/wp-content\/uploads\/2017\/04\/EAK-838x427-4x-vaiksem-arengukoostoo.png\" alt=\"EAK-838x427-4x-vaiksem-arengukoostoo\" width=\"204\" height=\"104\" \/><\/a><\/p>\n<p>&nbsp;<\/p>\n<p>&nbsp;<\/p>\n<p>&nbsp;<\/p>\n<p>&nbsp;<\/p>\n<p><em>Teavitust aitab teha Euroopa Liit. Sisu eest vastutab AK\u00dc ning see ei v\u00e4ljenda EL-i seisukohti.<\/em><\/p>\n","protected":false},"excerpt":{"rendered":"<p>29. aprillil kell 12.00 \u2013 18.00 korraldab\u00a0AK\u00dc\u00a0koos liikmetega\u00a0Tartus Maailmat\u00e4nava. Oleme keset Tartu Kevadp\u00e4evade melu, Keskpargi\u00a0Poe t\u00e4nava poolses servas.\u00a0Maailmat\u00e4nava eesm\u00e4rk on&#8230;<\/p>\n","protected":false},"author":32,"featured_media":7717,"comment_status":"open","ping_status":"open","sticky":false,"template":"","format":"standard","meta":{"_acf_changed":false,"footnotes":""},"categories":[3],"tags":[31,22,23,29,21],"class_list":["post-7712","post","type-post","status-publish","format-standard","has-post-thumbnail","hentry","category-blogi","tag-aku","tag-haridus","tag-inimoigused","tag-sundmused","tag-toit-ja-vesi"],"acf":[],"_links":{"self":[{"href":"https:\/\/www.terveilm.ee\/leht\/wp-json\/wp\/v2\/posts\/7712","targetHints":{"allow":["GET"]}}],"collection":[{"href":"https:\/\/www.terveilm.ee\/leht\/wp-json\/wp\/v2\/posts"}],"about":[{"href":"https:\/\/www.terveilm.ee\/leht\/wp-json\/wp\/v2\/types\/post"}],"author":[{"embeddable":true,"href":"https:\/\/www.terveilm.ee\/leht\/wp-json\/wp\/v2\/users\/32"}],"replies":[{"embeddable":true,"href":"https:\/\/www.terveilm.ee\/leht\/wp-json\/wp\/v2\/comments?post=7712"}],"version-history":[{"count":5,"href":"https:\/\/www.terveilm.ee\/leht\/wp-json\/wp\/v2\/posts\/7712\/revisions"}],"predecessor-version":[{"id":7733,"href":"https:\/\/www.terveilm.ee\/leht\/wp-json\/wp\/v2\/posts\/7712\/revisions\/7733"}],"wp:featuredmedia":[{"embeddable":true,"href":"https:\/\/www.terveilm.ee\/leht\/wp-json\/wp\/v2\/media\/7717"}],"wp:attachment":[{"href":"https:\/\/www.terveilm.ee\/leht\/wp-json\/wp\/v2\/media?parent=7712"}],"wp:term":[{"taxonomy":"category","embeddable":true,"href":"https:\/\/www.terveilm.ee\/leht\/wp-json\/wp\/v2\/categories?post=7712"},{"taxonomy":"post_tag","embeddable":true,"href":"https:\/\/www.terveilm.ee\/leht\/wp-json\/wp\/v2\/tags?post=7712"}],"curies":[{"name":"wp","href":"https:\/\/api.w.org\/{rel}","templated":true}]}}