{"id":7746,"date":"2017-05-05T15:12:07","date_gmt":"2017-05-05T12:12:07","guid":{"rendered":"http:\/\/www.terveilm.ee\/leht\/?p=7746"},"modified":"2017-05-05T15:12:07","modified_gmt":"2017-05-05T12:12:07","slug":"aku-liikmete-eelinfo-8-12-mai","status":"publish","type":"post","link":"https:\/\/www.terveilm.ee\/leht\/blogi\/aku-liikmete-eelinfo-8-12-mai\/","title":{"rendered":"AK\u00dc liikmete eelinfo 8. &#8211; 12. mai"},"content":{"rendered":"<p><b>Arengukoost\u00f6\u00f6 \u00dcmarlaud<\/b><\/p>\n<p><span style=\"font-weight: 400;\">Arengukoost\u00f6\u00f6 \u00dcmarlaud ja ETV2 kutsuvad Teid keskkonnakuu raames toimuvale tasuta kinolinastusele 9. mail kell 18.00 kinos S\u00f5prus. Linastub soe ja m\u00f5tlemapanev \u201cVaimude maa\u201d. Kutset koos lisainfoga vaadake <a href=\"https:\/\/goo.gl\/bZBa7P\" target=\"_blank\">palun siit<\/a>.<\/span><\/p>\n<p><span style=\"font-weight: 400;\">Lisainfo: Katrin P\u00e4rgm\u00e4e, 56623823, <\/span><a href=\"mailto:katrin@terveilm.ee\"><span style=\"font-weight: 400;\">katrin@terveilm.ee<\/span><\/a><\/p>\n<p><b>Eesti Roheline Liikumine<\/b><\/p>\n<p><span>10. mail kell 18:00-20:00 toimub Tartu Loodusmajas ingliskeelne Rohelise Tee \u00d5htu &#8220;Should I stay or should I go?&#8221;, kus arutletakse Eesti keskkonna hetkeolukorra \u00fcle ning tutvustatakse OECD raporti tulemusi. <a href=\"https:\/\/www.facebook.com\/events\/628617467343005\" target=\"_blank\">FB s\u00fcndmus.<\/a><\/span><\/p>\n<p><span style=\"font-weight: 400;\">Lisainfo: Anna Trei, <\/span><a href=\"mailto:anna@roheline.ee\"><span style=\"font-weight: 400;\">anna@roheline.ee<\/span><\/a><span style=\"font-weight: 400;\">, 5645 4459<\/span><\/p>\n<p><span style=\"font-weight: 400;\">Terve maikuu jooksul on v\u00f5imalus P\u00e4rnu Kaubamajakas k\u00fclastada foton\u00e4itust Gruusia Svanethi piirkonnast. Maalilist Gruusia loodust ja kohalikku eluolu kujutav foton\u00e4itus \u201eMeie oleme Svanethi&#8221; tutvustab Eesti inimestelegi tuttavaid probleeme &#8211; Svanethi on piirkond Gruusias, kus Chuberi, Khaishi ja Nakra k\u00fclakogukonnad \u00fcritava s\u00e4ilitada oma ajaloolist, v\u00e4\u00e4rikat ja j\u00e4tkusuutlikku elukeskkonda. L\u00e4hiajal plaanitakse k\u00fclade l\u00e4hedusse ehitada 35 uut h\u00fcdroelektrijaama, mis oleksid ohuks nii keskkonnale kui kohalikele kogukondadele.<\/span><\/p>\n<p><span style=\"font-weight: 400;\">Lisainfo: Mihkel Annus, 5691 3094, <\/span><a href=\"mailto:mihkel@roheline.ee\"><span style=\"font-weight: 400;\">mihkel@roheline.ee<\/span><\/a><span style=\"font-weight: 400;\"> \u00a0<\/span><\/p>\n<p><b>Pagulasabi<\/b><\/p>\n<p><span>8. mail kell 18.00 kutsuvad Mondo ja Pagulasabi k\u00fclla, et arutada S\u00fc\u00fcrias toimuva m\u00f5ju \u00fcle inimestele. \u201c<a href=\"https:\/\/www.facebook.com\/events\/199512047233444\/\" target=\"_blank\">Olukord S\u00fc\u00fcrias: kuue s\u00f5ja-aasta m\u00f5ju inimestele<\/a>\u201d\u00a0<\/span><\/p>\n<p><span style=\"font-weight: 400;\">10. mail kell 11.00 &#8211; 15.00 toimub Tartus aruteluring \u201c<a href=\"https:\/\/www.facebook.com\/events\/752734538242838\" target=\"_blank\">S\u00fc\u00fcria lapsed Eesti hariduss\u00fcsteemis: uued v\u00e4ljakutsed<\/a>\u201d.\u00a0<\/span><\/p>\n<p><span style=\"font-weight: 400;\">Lisainfo: Eero Janson, 517 4334, <\/span><a href=\"mailto:eero@pagulasabi.ee\"><span style=\"font-weight: 400;\">eero@pagulasabi.ee<\/span><\/a><\/p>\n<p>&nbsp;<\/p>\n<p><em>Foto: Kaader filmist &#8220;Vaimude maa&#8221;<\/em><\/p>\n<p>&nbsp;<\/p>\n<p>&nbsp;<\/p>\n","protected":false},"excerpt":{"rendered":"<p>Arengukoost\u00f6\u00f6 \u00dcmarlaud Arengukoost\u00f6\u00f6 \u00dcmarlaud ja ETV2 kutsuvad Teid keskkonnakuu raames toimuvale tasuta kinolinastusele 9. mail kell 18.00 kinos S\u00f5prus. Linastub&#8230;<\/p>\n","protected":false},"author":32,"featured_media":7747,"comment_status":"open","ping_status":"open","sticky":false,"template":"","format":"standard","meta":{"_acf_changed":false,"footnotes":""},"categories":[7],"tags":[31],"class_list":["post-7746","post","type-post","status-publish","format-standard","has-post-thumbnail","hentry","category-uudised","tag-aku"],"acf":[],"_links":{"self":[{"href":"https:\/\/www.terveilm.ee\/leht\/wp-json\/wp\/v2\/posts\/7746","targetHints":{"allow":["GET"]}}],"collection":[{"href":"https:\/\/www.terveilm.ee\/leht\/wp-json\/wp\/v2\/posts"}],"about":[{"href":"https:\/\/www.terveilm.ee\/leht\/wp-json\/wp\/v2\/types\/post"}],"author":[{"embeddable":true,"href":"https:\/\/www.terveilm.ee\/leht\/wp-json\/wp\/v2\/users\/32"}],"replies":[{"embeddable":true,"href":"https:\/\/www.terveilm.ee\/leht\/wp-json\/wp\/v2\/comments?post=7746"}],"version-history":[{"count":1,"href":"https:\/\/www.terveilm.ee\/leht\/wp-json\/wp\/v2\/posts\/7746\/revisions"}],"predecessor-version":[{"id":7748,"href":"https:\/\/www.terveilm.ee\/leht\/wp-json\/wp\/v2\/posts\/7746\/revisions\/7748"}],"wp:featuredmedia":[{"embeddable":true,"href":"https:\/\/www.terveilm.ee\/leht\/wp-json\/wp\/v2\/media\/7747"}],"wp:attachment":[{"href":"https:\/\/www.terveilm.ee\/leht\/wp-json\/wp\/v2\/media?parent=7746"}],"wp:term":[{"taxonomy":"category","embeddable":true,"href":"https:\/\/www.terveilm.ee\/leht\/wp-json\/wp\/v2\/categories?post=7746"},{"taxonomy":"post_tag","embeddable":true,"href":"https:\/\/www.terveilm.ee\/leht\/wp-json\/wp\/v2\/tags?post=7746"}],"curies":[{"name":"wp","href":"https:\/\/api.w.org\/{rel}","templated":true}]}}