{"id":7756,"date":"2017-05-09T09:59:24","date_gmt":"2017-05-09T06:59:24","guid":{"rendered":"http:\/\/www.terveilm.ee\/leht\/?p=7756"},"modified":"2017-05-09T09:59:24","modified_gmt":"2017-05-09T06:59:24","slug":"vaimude-maa-naitab-tarbimisuhiskonda-polisrahva-silmade-labi","status":"publish","type":"post","link":"https:\/\/www.terveilm.ee\/leht\/blogi\/vaimude-maa-naitab-tarbimisuhiskonda-polisrahva-silmade-labi\/","title":{"rendered":"\u201cVaimude maa\u201d n\u00e4itab tarbimis\u00fchiskonda p\u00f5lisrahva silmade l\u00e4bi"},"content":{"rendered":"<p><strong>9. mail kell 18.00 esilinastub kinos S\u00f5prus soe ja m\u00f5tlemapanev \u201cVaimude maa\u201d. Tasuta linastus toimub ETV2 keskkonnakuu raames.<\/strong><\/p>\n<p>Saksa dokumentalisti Simon Stadleri filmi &#8220;Vaimude maa&#8221; (Ghostland \u2013 the View of the Ju\/\u2019Hoansi) peategelased on Namiibia bu\u0161manid ehk sanid, maailma vanimaks peetava Ju\/&#8217;Hoansi kultuuri esindajad. Neil ei lubata enam jahti pidada ja neil tuleb omaks v\u00f5tta meie &#8220;tsiviliseeritud&#8221; eluviis. Esimest korda r\u00e4ndab r\u00fchm h\u00f5imu liikmeid l\u00e4bi Kalahari k\u00f5rbe otse Euroopa s\u00fcdamesse. Nende kultuuri vaatlemisest saab hoopis l\u00e4\u00e4ne elulaadi vaatlus. Soojalt ja humoorikalt n\u00e4idatakse meie tavasid ja harjumusi nende inimeste pilgu l\u00e4bi, kel tuleb peagi loobuda oma miljoni aasta vanustest traditsioonidest. Film v\u00f5itis 2016. aastal SXSW filmifestivalil publikupreemia.<\/p>\n<p>Arengukoost\u00f6\u00f6 \u00dcmarlaua juht Sigrid Solniku s\u00f5nul on filmi peategelased p\u00f5liselanikud, kuid nende pilgu l\u00e4bi n\u00e4eme l\u00e4\u00e4ne elustiili t\u00e4iesti uue nurga alt. \u201cM\u00f5tleme endist kui arenenud riikidest, vaesed riigid lahterdame arenevateks, kes peavad veel pingutama, et meie j\u00e4rele j\u00f5uda. Kui seaksime edu kriteeriumiks raha asemel rahulolu, oleks meil endil Ju\/\u2019Hoansi p\u00f5liselanikelt palju \u00f5ppida.\u201d<\/p>\n<p>P\u00e4rast linastust toimub arutelu, kus osalevad ps\u00fchholoog Eva-Maria Kangro, jalgrattal l\u00e4bi Aafrika r\u00e4nnanud Mart Kuusk ja Aafrika-reiside giid Arne Uusj\u00e4rv. Diskussiooni modereerib ERR ajakirjanik Anna Gavronskaja.<\/p>\n<p>Mai on ETV2s keskkonnakuu. Iga teisip\u00e4eva ja neljap\u00e4eva \u00f5htul linastub v\u00e4rske ja haarav film erinevatel keskkonnateemadel. Loomulikult tuleb juttu inimtegevuse m\u00f5just meie planeedile, aga ka suhkrust, magevee tootmisest, plastikust ookeanides, moet\u00f6\u00f6stuse ahnusest, p\u00f5lisrahvastest, kliimamuutustest konfliktide tekitajana ja hobik\u00fcttimisest.<\/p>\n<p><a href=\"https:\/\/www.facebook.com\/events\/398022547263324\/\" target=\"_blank\">Linastuse FB s\u00fcndmus<\/a><\/p>\n<p>Lisainfo:<br \/>\nKatrin P\u00e4rgm\u00e4e<br \/>\nArengukoost\u00f6\u00f6 \u00dcmarlaud<br \/>\nKommunikatsioonijuht<br \/>\n+372 56 623 823<br \/>\n<a href=\"http:\/\/www.facebook.ee\/terveilm\">www.facebook.ee\/terveilm<\/a><\/p>\n<p>&nbsp;<\/p>\n","protected":false},"excerpt":{"rendered":"<p>9. mail kell 18.00 esilinastub kinos S\u00f5prus soe ja m\u00f5tlemapanev \u201cVaimude maa\u201d. Tasuta linastus toimub ETV2 keskkonnakuu raames. Saksa dokumentalisti&#8230;<\/p>\n","protected":false},"author":32,"featured_media":7757,"comment_status":"open","ping_status":"open","sticky":false,"template":"","format":"standard","meta":{"_acf_changed":false,"footnotes":""},"categories":[3],"tags":[35,29,24],"class_list":["post-7756","post","type-post","status-publish","format-standard","has-post-thumbnail","hentry","category-blogi","tag-arengukoostoo","tag-sundmused","tag-tarbimine"],"acf":[],"_links":{"self":[{"href":"https:\/\/www.terveilm.ee\/leht\/wp-json\/wp\/v2\/posts\/7756","targetHints":{"allow":["GET"]}}],"collection":[{"href":"https:\/\/www.terveilm.ee\/leht\/wp-json\/wp\/v2\/posts"}],"about":[{"href":"https:\/\/www.terveilm.ee\/leht\/wp-json\/wp\/v2\/types\/post"}],"author":[{"embeddable":true,"href":"https:\/\/www.terveilm.ee\/leht\/wp-json\/wp\/v2\/users\/32"}],"replies":[{"embeddable":true,"href":"https:\/\/www.terveilm.ee\/leht\/wp-json\/wp\/v2\/comments?post=7756"}],"version-history":[{"count":1,"href":"https:\/\/www.terveilm.ee\/leht\/wp-json\/wp\/v2\/posts\/7756\/revisions"}],"predecessor-version":[{"id":7758,"href":"https:\/\/www.terveilm.ee\/leht\/wp-json\/wp\/v2\/posts\/7756\/revisions\/7758"}],"wp:featuredmedia":[{"embeddable":true,"href":"https:\/\/www.terveilm.ee\/leht\/wp-json\/wp\/v2\/media\/7757"}],"wp:attachment":[{"href":"https:\/\/www.terveilm.ee\/leht\/wp-json\/wp\/v2\/media?parent=7756"}],"wp:term":[{"taxonomy":"category","embeddable":true,"href":"https:\/\/www.terveilm.ee\/leht\/wp-json\/wp\/v2\/categories?post=7756"},{"taxonomy":"post_tag","embeddable":true,"href":"https:\/\/www.terveilm.ee\/leht\/wp-json\/wp\/v2\/tags?post=7756"}],"curies":[{"name":"wp","href":"https:\/\/api.w.org\/{rel}","templated":true}]}}