{"id":7790,"date":"2017-05-16T14:56:28","date_gmt":"2017-05-16T11:56:28","guid":{"rendered":"http:\/\/www.terveilm.ee\/leht\/?p=7790"},"modified":"2017-05-16T15:13:04","modified_gmt":"2017-05-16T12:13:04","slug":"aku-mais-tutvustame-mari-rohtlat","status":"publish","type":"post","link":"https:\/\/www.terveilm.ee\/leht\/blogi\/aku-mais-tutvustame-mari-rohtlat\/","title":{"rendered":"AK\u00dc mais &#8211; tutvustame Mari Rohtlat"},"content":{"rendered":"<p><strong>Alates 1. maist liitus AK\u00dcga projektijuht Mari Rohtla, kes tuli meiele Rakvere teatrist. \u201eMari kohta v\u00f5iks isegi \u00f6elda mari, sest metsa ta lihtsalt sobib ja inimestele ta \u00fcldiselt meeldib ja on kasulik.&#8221;\u00a0<\/strong><\/p>\n<p>Mari r\u00e4\u00e4gib enda plaanidest: &#8220;Kavatsen oma j\u00e4rgneva projektijuhi ametiaasta jooksul AK\u00dcs anda isiklikult endast parima, et meid siin pisikeses Eestis oleks n\u00e4ha nii linnat\u00e4naval kui k\u00fclapeol; nii ekraanil kui selle taga ja ees. Selleks, et meie kohta r\u00e4\u00e4gitaks inspireerivaid lugusid nii l\u00e4hedal kui kaugel, tahan v\u00f5tta fookusesse v\u00f5imalikult suure osa meie konkreetsetest arengukoost\u00f6\u00f6 projektidest ning neid selgemaks ja visuaalsemaks muutes ka \u00dcRO kestlikku arengu \u00fcldiseid eesm\u00e4rke aina hoomatavamalt avalikkusele teadvustada.<\/p>\n<p>Olen veendunud, et muutuste tegemiseks ja inimeste valikute m\u00f5jutamiseks ei olegi tingimata vaja v\u00f5imu, pigem vajame kestlikku vaimu ja justnimelt kambavaimu. AK\u00dc seisukohalt t\u00e4hendab see eelk\u00f5ige meie v\u00f5rgustiku ja suhete kestlikku tihenemist, koost\u00f6\u00f6 osapoolte omavahelise usalduse kestlikku s\u00fcvenemist ja kestlikku usku headusesse ja koost\u00f6\u00f6 kestvalt arenevasse (v\u00f5lu)j\u00f5udu. Olen v\u00e4ga p\u00f5nevil!&#8221;<\/p>\n<p><strong>AK\u00dc tegemised\u00a0maikuus:<\/strong><\/p>\n<p><span style=\"font-weight: 400;\">Juba j\u00e4rgmisel n\u00e4dalal s\u00f5idame aga kambaga Anija m\u00f5isa meeskonnap\u00e4evale, kus valmib j\u00e4rgmise 12 kuu t\u00f6\u00f6plaan t\u00e4psemal kujul. <\/span><\/p>\n<p><span style=\"font-weight: 400;\">15. juunil toimub AK\u00dc \u00fcldkoosolek. See t\u00e4hendab, et mai m\u00f6\u00f6dub erinevate kokkuv\u00f5tete tegemise ja majandusaasta aruande koostamise t\u00e4he all. Lisaks on Sigridil plaan \u00fcldkoosoleku ette tuua ka strateegia ja Arengukoost\u00f6\u00f6 manifest. Viimane ikka eesistumise tarvis. <\/span><\/p>\n<p><span style=\"font-weight: 400;\">Eesistumisega on \u00fcldse p\u00f5nevad lood. Eesti \u00fcks olulistest prioriteetidest eesistujana on ju digitaliseerimine. Meie AK\u00dcs vaatame digiasju just arengukoost\u00f6\u00f6 nurga alt \u2013 kuidas saavad uued tehnoloogiad ja lahendused kaasa aidata sellele, et need \u00f5nnetud globaalprobleemid \u00fckskord ometi otsa saaks? Kuidas kasutada digi nii, et inimesed p\u00e4riselt ka v\u00f5idaksid? Praegune statistika n\u00e4itab, et \u00fchenduvus, tehnoloogiad, info k\u00e4ttesaadavuse suurenemine jms ei ole maagilised v\u00f5luvitsad, mis kaotavad ebav\u00f5rdsuse nii \u00fchiskondade sees kui \u00fchiskondade vahel. Natuke peab selleks ikka veel vaeva n\u00e4gema. Ent fakt on see, et elame hoopis teistsugusel ajastul ning arengukoost\u00f6\u00f6 s\u00fcsteemidel ja tegijatel on viimane aeg tehnoloogiarongile h\u00fcpata. Juuni alguses toimuval CONCORDi \u00fcldassambleel v\u00f5etakse digilahendused, nende v\u00e4ljakutsed ja v\u00f5imalused esimest korda v\u00f5rgustiku ajaloos jutuks. 11. &#8211; 12. septembril korraldab AK\u00dc aga rahvusvahelise konverentsi globaalse arengu ja digitaliseerimise teemadel.\u00a0<\/span><\/p>\n<p>Maikuus paneme kokku erilehe, et AK\u00dc liikmete ja s\u00f5prade tegemisi tutvustada ning arengukoost\u00f6\u00f6d inimestele l\u00e4hemale tuua. Teema osas saime inspiratsiooni Mondo \u00a0l\u00f5unapakkumisest ja selle aasta Maailmat\u00e4navast, kus toitu pakkusid Pagulasabi ja Tartu Rahvusvaheline Maja. Teeme erilehe\u00a0toidu v\u00f5tmes \u2013 armastus k\u00e4ib k\u00f5hu kaudu!<\/p>\n<p>18. mail kutsume k\u00f5iki AK\u00dc liikmeid osa saama lugude jutustamise koolitusest. Meie teemad on sageli keerulised ja suured, kuid puudutavad iga inimest. M\u00f5tleme koos, kuidas enda lugu leida ja paremini r\u00e4\u00e4kida.<\/p>\n<p>&nbsp;<\/p>\n<p>&nbsp;<\/p>\n","protected":false},"excerpt":{"rendered":"<p>Alates 1. maist liitus AK\u00dcga projektijuht Mari Rohtla, kes tuli meiele Rakvere teatrist. \u201eMari kohta v\u00f5iks isegi \u00f6elda mari, sest&#8230;<\/p>\n","protected":false},"author":32,"featured_media":7800,"comment_status":"open","ping_status":"open","sticky":false,"template":"","format":"standard","meta":{"_acf_changed":false,"footnotes":""},"categories":[7],"tags":[31,29],"class_list":["post-7790","post","type-post","status-publish","format-standard","has-post-thumbnail","hentry","category-uudised","tag-aku","tag-sundmused"],"acf":[],"_links":{"self":[{"href":"https:\/\/www.terveilm.ee\/leht\/wp-json\/wp\/v2\/posts\/7790","targetHints":{"allow":["GET"]}}],"collection":[{"href":"https:\/\/www.terveilm.ee\/leht\/wp-json\/wp\/v2\/posts"}],"about":[{"href":"https:\/\/www.terveilm.ee\/leht\/wp-json\/wp\/v2\/types\/post"}],"author":[{"embeddable":true,"href":"https:\/\/www.terveilm.ee\/leht\/wp-json\/wp\/v2\/users\/32"}],"replies":[{"embeddable":true,"href":"https:\/\/www.terveilm.ee\/leht\/wp-json\/wp\/v2\/comments?post=7790"}],"version-history":[{"count":2,"href":"https:\/\/www.terveilm.ee\/leht\/wp-json\/wp\/v2\/posts\/7790\/revisions"}],"predecessor-version":[{"id":7799,"href":"https:\/\/www.terveilm.ee\/leht\/wp-json\/wp\/v2\/posts\/7790\/revisions\/7799"}],"wp:featuredmedia":[{"embeddable":true,"href":"https:\/\/www.terveilm.ee\/leht\/wp-json\/wp\/v2\/media\/7800"}],"wp:attachment":[{"href":"https:\/\/www.terveilm.ee\/leht\/wp-json\/wp\/v2\/media?parent=7790"}],"wp:term":[{"taxonomy":"category","embeddable":true,"href":"https:\/\/www.terveilm.ee\/leht\/wp-json\/wp\/v2\/categories?post=7790"},{"taxonomy":"post_tag","embeddable":true,"href":"https:\/\/www.terveilm.ee\/leht\/wp-json\/wp\/v2\/tags?post=7790"}],"curies":[{"name":"wp","href":"https:\/\/api.w.org\/{rel}","templated":true}]}}