{"id":7845,"date":"2017-06-09T14:02:50","date_gmt":"2017-06-09T11:02:50","guid":{"rendered":"http:\/\/www.terveilm.ee\/leht\/?p=7845"},"modified":"2017-06-12T11:35:18","modified_gmt":"2017-06-12T08:35:18","slug":"aku-liikmete-eelinfo-12-16-juuni","status":"publish","type":"post","link":"https:\/\/www.terveilm.ee\/leht\/blogi\/aku-liikmete-eelinfo-12-16-juuni\/","title":{"rendered":"AK\u00dc liikmete eelinfo 12. &#8211; 16. juuni"},"content":{"rendered":"<p><b>Arengukoost\u00f6\u00f6 \u00dcmarlaud<\/b><\/p>\n<p><span style=\"font-weight: 400;\">J\u00e4rgmisel n\u00e4dalal ilmub EPLi ja Maalehe vahel AK\u00dc erileht \u201cMaitsed Tervest Ilmast\u201d, kus AK\u00dc liikmed r\u00e4\u00e4givad enda tegemistest arengukoost\u00f6\u00f6 vallas ja jagavad maailma maitsete retsepte.<\/span><\/p>\n<p><span style=\"font-weight: 400;\">Lisainfo:Katrin P\u00e4rgm\u00e4e, 56623823, <\/span><a href=\"mailto:katrin@terveilm.ee\"><span style=\"font-weight: 400;\">katrin@terveilm.ee<\/span><\/a><\/p>\n<p><b>e-Riigi Akadeemia<\/b><\/p>\n<ul>\n<li><span style=\"font-weight: 400;\">14 \u2013 16.06 osaleb k\u00fcberturvalisuse ekspert Raul Rikk ITU World Summit on the Information Society foorumil Genfis, kus r\u00e4\u00e4gib \u201cMeasuring Cybersecurity\u201d arutelul , kuidas oleks m\u00f5istlik riikide k\u00fcberturbe taset m\u00f5\u00f5ta.\u00a0<\/span><span style=\"font-weight: 400;\"><a href=\"https:\/\/www.itu.int\/net4\/wsis\/forum\/2017\/Agenda\/Session\/320#intro\" target=\"_blank\">T\u00e4psem info<\/a>.<\/span><\/li>\n<li><span style=\"font-weight: 400;\">eGA e-demokraatia ja k\u00fcberturvalisuse eksperdid k\u00fclastavad 11. &#8211; 21. juunil Aserbaid\u017eaani, Armeeniat ja Valgevenet, et viia l\u00f5pule 2017 EL Idapartnerluse uuringu andmekogumine. Nende riikide e-demokraatia ja k\u00fcberturvalisuse olukorra kaardistamiseks viivad eksperdid l\u00e4bi intrevjuud erinevate kodaniku\u00fchiskonna aktivistidega, valitsuse ja doonorite esindajate ning ajakirjanikega. Uuringut esitletakse 4.oktoobril Idapartnerluse konverentsil.<\/span><\/li>\n<li><span style=\"font-weight: 400;\">Arvo Ott kohtub 12 \u2013 16.06 Guyaanas ja Jamaikal e-valitsemise eestvedajatega.<\/span><\/li>\n<\/ul>\n<p><span style=\"font-weight: 400;\">Lisainfo: <\/span><span style=\"font-weight: 400;\">Anu Vahtra-Hellat, \u00a0517 7671, <\/span><a href=\"mailto:anu.vahtra-hellat@ega.ee\"><span style=\"font-weight: 400;\">anu.vahtra-hellat@ega.ee<\/span><\/a><\/p>\n","protected":false},"excerpt":{"rendered":"<p>Arengukoost\u00f6\u00f6 \u00dcmarlaud J\u00e4rgmisel n\u00e4dalal ilmub EPLi ja Maalehe vahel AK\u00dc erileht \u201cMaitsed Tervest Ilmast\u201d, kus AK\u00dc liikmed r\u00e4\u00e4givad enda tegemistest&#8230;<\/p>\n","protected":false},"author":32,"featured_media":7846,"comment_status":"open","ping_status":"open","sticky":false,"template":"","format":"standard","meta":{"_acf_changed":false,"footnotes":""},"categories":[7],"tags":[31],"class_list":["post-7845","post","type-post","status-publish","format-standard","has-post-thumbnail","hentry","category-uudised","tag-aku"],"acf":[],"_links":{"self":[{"href":"https:\/\/www.terveilm.ee\/leht\/wp-json\/wp\/v2\/posts\/7845","targetHints":{"allow":["GET"]}}],"collection":[{"href":"https:\/\/www.terveilm.ee\/leht\/wp-json\/wp\/v2\/posts"}],"about":[{"href":"https:\/\/www.terveilm.ee\/leht\/wp-json\/wp\/v2\/types\/post"}],"author":[{"embeddable":true,"href":"https:\/\/www.terveilm.ee\/leht\/wp-json\/wp\/v2\/users\/32"}],"replies":[{"embeddable":true,"href":"https:\/\/www.terveilm.ee\/leht\/wp-json\/wp\/v2\/comments?post=7845"}],"version-history":[{"count":2,"href":"https:\/\/www.terveilm.ee\/leht\/wp-json\/wp\/v2\/posts\/7845\/revisions"}],"predecessor-version":[{"id":7848,"href":"https:\/\/www.terveilm.ee\/leht\/wp-json\/wp\/v2\/posts\/7845\/revisions\/7848"}],"wp:featuredmedia":[{"embeddable":true,"href":"https:\/\/www.terveilm.ee\/leht\/wp-json\/wp\/v2\/media\/7846"}],"wp:attachment":[{"href":"https:\/\/www.terveilm.ee\/leht\/wp-json\/wp\/v2\/media?parent=7845"}],"wp:term":[{"taxonomy":"category","embeddable":true,"href":"https:\/\/www.terveilm.ee\/leht\/wp-json\/wp\/v2\/categories?post=7845"},{"taxonomy":"post_tag","embeddable":true,"href":"https:\/\/www.terveilm.ee\/leht\/wp-json\/wp\/v2\/tags?post=7845"}],"curies":[{"name":"wp","href":"https:\/\/api.w.org\/{rel}","templated":true}]}}