{"id":7877,"date":"2017-06-14T10:51:15","date_gmt":"2017-06-14T07:51:15","guid":{"rendered":"http:\/\/www.terveilm.ee\/leht\/?p=7877"},"modified":"2017-06-14T15:03:08","modified_gmt":"2017-06-14T12:03:08","slug":"aku-juunis","status":"publish","type":"post","link":"https:\/\/www.terveilm.ee\/leht\/blogi\/aku-juunis\/","title":{"rendered":"AK\u00dc juunis"},"content":{"rendered":"<p><strong>Meil on 16. juunil n\u00e4dalal \u00fcldkoosolek! AK\u00dc liikmeskond koguneb neljap\u00e4eval Tartus Sisevete Saatkonnas, vaatab tagasi m\u00f6\u00f6dunud aastale ja heidab pilgu tulevikku. Muidu on juuni nagu alati &#8211; k\u00f5ik t\u00f6\u00f6 tuleb enne jaanip\u00e4eva purki saada, et p\u00e4rast p\u00fchi p\u00e4ikest p\u00fc\u00fcda ja merevees varbaid leotada. <\/strong><\/p>\n<p><span style=\"font-weight: 400;\">AK\u00dc juht Sigridi jaoks algas suvi hulga l\u00e4hetustega. Eesti eesistumise l\u00e4henedes on t\u00f6\u00f6 Br\u00fcsseli suunal j\u00e4rjest aktiivsemaks muutunud, sest eesistume ju ka Euroopa arengukoost\u00f6\u00f6 eest.\u00a0<\/span><\/p>\n<p><b>\u00dcks teema on hetkel tugevalt AK\u00dc laual &#8211; arengukoost\u00f6\u00f6 ja digitaliseerimine<\/b><span style=\"font-weight: 400;\">. <\/span><\/p>\n<ul>\n<li>Septembri algul korraldab AK\u00dc Eestis rahvusvahelist konverentsi digi ja arengu teemal. <a href=\"http:\/\/www.terveilm.ee\/leht\/digitaldevelopment\/\" target=\"_blank\">Pange 11.-12. september lukku!<\/a><\/li>\n<li><span style=\"font-weight: 400;\">1. juunil toimus meie katusev\u00f5rgustiku CONCORDi \u00fcldkoosolek, kus esimest korda konf\u00f6deratsiooni ajaloos r\u00e4\u00e4giti digitaliseerimisest, Eesti perspektiivi jagas MEP Urmas Paet.<\/span><\/li>\n<li>Sigridile toob juuni veel GLEN v\u00f5rgustiku pooolt korraldatava strukturaalse rassismi koolituse ning European Sustainable Development Network\u2019i konverentsi poliitikate sidususe teemal. Ja siis tuleb puhkus, sest suve teiseks pooleks on vaja j\u00f5udu koguda!<\/li>\n<\/ul>\n<p><b>Mais t\u00f6\u00f6d alustanud projektijuht Mari on peamiselt tegelenud intensiivse sisseelamisega. <\/b><\/p>\n<ul>\n<li><span style=\"font-weight: 400;\">Esimene suurem projekt on konkurss meie liikmete teavitusprojektidele. Loodame selle aastase projektisarjaga j\u00f5uda v\u00f5imalikult paljude inimesteni ning \u00fcllatada, t\u00e4helepanu \u00e4ratada, eeskujuks olla, lootust anda ja initsiatiivi n\u00e4idata.<\/span><\/li>\n<li><span style=\"font-weight: 400;\">Lisaks t\u00f6\u00f6tab ta strateegia kallal, kuidas erinevate koost\u00f6\u00f6vormide ja \u00fcrituste kaudu tuua kestliku arengu, arengukoost\u00f6\u00f6 ja maailmahariduse teemasid inimestele l\u00e4hemale ka v\u00e4iksemates kohtades \u00fcle Eesti.<\/span><\/li>\n<li><span style=\"font-weight: 400;\">Ettevalmistus k\u00e4ib ka augustis toimuva Arvamusfestivali ning v\u00f5imaliku j\u00e4rgmise Maailmat\u00e4nava ja sotsiaalmeedia kampaania osas.<\/span><\/li>\n<\/ul>\n<p><strong>Mai l\u00f5pus liitus AK\u00dc naiskonnaga ka huvikaitsespetsialist Anni Jatsa, kes hakkav tegelema poliitikate sidususe teemadega. Enda kohta kirjutab ta nii:<\/strong><\/p>\n<p>&#8220;Minu eesm\u00e4rk on tuua rohkem selgust Eesti arengukoost\u00f6\u00f6 poliitikasse ja aidata kaasa selle t\u00f5hustamisse.\u00a0Olgugi, et minu kogemus vabakonnas on olnud suhteliselt tagasihoidlik ning keskendunud suuresti \u00fchiskonna l\u00e4bipaistvusele ja korruptsiooni temaatikale, siis t\u00f5en\u00e4oliselt on just siinsed inspireerivad inimesed ja avaliku huvi r\u00f5hutamine ikka ja j\u00e4lle toonud mu tagasi m\u00f5istliku maailma k\u00fcsimuste juurde.\u00a0Usun, et avatud ning konstruktiivses arutelus peitub paljude probleemide lahendamise v\u00f5ti. Koost\u00f6\u00f6 partneritega on alus \u00fchiste eesm\u00e4rkide saavutamisel. Samas pean oluliseks ka j\u00e4lgida maailmas toimuvaid arenguid ning uurida, kuidas \u00fcmarlaud saaks huvide esindamise juures teiste organisatsioonide ja riikide kogemustest \u00f5ppida. Millised lahingud on kindlasti pidamist v\u00e4\u00e4rt ja kus on tarvis strateegiat \u00fcmber teha ning uuesti alustada?&#8221;<\/p>\n<p><span style=\"font-weight: 400;\"><strong>Kommunikatsioonijuht Katrin tegeles mai l\u00f5pus-juuni alguses AK\u00dc liikmete erilehe kokku panemisega.<\/strong> Erileht ilmus 12. juunil EPLi ja 15. juunil Maalehe vahel.\u00a0<\/span>Erilehte saab sirvida siin (mugavaks vaatamiseks kliki suuremaks):<\/p>\n<div class=\"issuuembed\" style=\"width: 100%; height: 352px;\" data-configid=\"4590699\/50129837\"><\/div>\n<p><script src=\"\/\/e.issuu.com\/embed.js\" async=\"true\" type=\"text\/javascript\"><\/script><\/p>\n<p>.<\/p>\n<p>&nbsp;<\/p>\n","protected":false},"excerpt":{"rendered":"<p>Meil on 16. juunil n\u00e4dalal \u00fcldkoosolek! AK\u00dc liikmeskond koguneb neljap\u00e4eval Tartus Sisevete Saatkonnas, vaatab tagasi m\u00f6\u00f6dunud aastale ja heidab pilgu&#8230;<\/p>\n","protected":false},"author":32,"featured_media":7887,"comment_status":"open","ping_status":"open","sticky":false,"template":"","format":"standard","meta":{"_acf_changed":false,"footnotes":""},"categories":[7],"tags":[31,35,28,29],"class_list":["post-7877","post","type-post","status-publish","format-standard","has-post-thumbnail","hentry","category-uudised","tag-aku","tag-arengukoostoo","tag-poliitikate-sidusus","tag-sundmused"],"acf":[],"_links":{"self":[{"href":"https:\/\/www.terveilm.ee\/leht\/wp-json\/wp\/v2\/posts\/7877","targetHints":{"allow":["GET"]}}],"collection":[{"href":"https:\/\/www.terveilm.ee\/leht\/wp-json\/wp\/v2\/posts"}],"about":[{"href":"https:\/\/www.terveilm.ee\/leht\/wp-json\/wp\/v2\/types\/post"}],"author":[{"embeddable":true,"href":"https:\/\/www.terveilm.ee\/leht\/wp-json\/wp\/v2\/users\/32"}],"replies":[{"embeddable":true,"href":"https:\/\/www.terveilm.ee\/leht\/wp-json\/wp\/v2\/comments?post=7877"}],"version-history":[{"count":5,"href":"https:\/\/www.terveilm.ee\/leht\/wp-json\/wp\/v2\/posts\/7877\/revisions"}],"predecessor-version":[{"id":7918,"href":"https:\/\/www.terveilm.ee\/leht\/wp-json\/wp\/v2\/posts\/7877\/revisions\/7918"}],"wp:featuredmedia":[{"embeddable":true,"href":"https:\/\/www.terveilm.ee\/leht\/wp-json\/wp\/v2\/media\/7887"}],"wp:attachment":[{"href":"https:\/\/www.terveilm.ee\/leht\/wp-json\/wp\/v2\/media?parent=7877"}],"wp:term":[{"taxonomy":"category","embeddable":true,"href":"https:\/\/www.terveilm.ee\/leht\/wp-json\/wp\/v2\/categories?post=7877"},{"taxonomy":"post_tag","embeddable":true,"href":"https:\/\/www.terveilm.ee\/leht\/wp-json\/wp\/v2\/tags?post=7877"}],"curies":[{"name":"wp","href":"https:\/\/api.w.org\/{rel}","templated":true}]}}