{"id":8323,"date":"2017-09-08T14:34:55","date_gmt":"2017-09-08T11:34:55","guid":{"rendered":"http:\/\/www.terveilm.ee\/leht\/?p=8323"},"modified":"2017-09-08T14:34:55","modified_gmt":"2017-09-08T11:34:55","slug":"aku-liikmete-eelinfo-11-15-september","status":"publish","type":"post","link":"https:\/\/www.terveilm.ee\/leht\/blogi\/aku-liikmete-eelinfo-11-15-september\/","title":{"rendered":"AK\u00dc liikmete eelinfo 11. &#8211; 15. september"},"content":{"rendered":"<p><b>Arengukoost\u00f6\u00f6 \u00dcmarlaud<\/b><\/p>\n<p><span style=\"font-weight: 400;\">11. &#8211; 12. septembril toimub Tallinnas rahvusvaheline konverents \u201d<a href=\"http:\/\/www.terveilm.ee\/leht\/digitaldevelopment\" target=\"_blank\" rel=\"noopener\">Digitalising Development &#8211; Are we ready for the future<\/a>?\u201d, mille fookuses on digitaliseerimine arengumaades. Kahe p\u00e4eva jooksul arutletakse, kuidas tehnoloogia abil vaesust v\u00e4hendada ja milliseid riske toob digiajastu j\u00f5udmine arenguriikidesse?<\/span><\/p>\n<p><span style=\"font-weight: 400;\">Konverentsi peasineja on Alix R\u00fcbsaam, kes r\u00e4\u00e4gib t\u00f6\u00f6st ja \u00f5ppimisest tulevikus ning sellest, kas tehisintellekt t\u00e4hendab inimkonna l\u00f5ppu.<\/span><\/p>\n<p><span style=\"font-weight: 400;\">Lisainfo: Katrin P\u00e4rgm\u00e4e, 56623823, <\/span><a href=\"mailto:katrin@terveilm.ee\"><span style=\"font-weight: 400;\">katrin@terveilm.ee<\/span><\/a><\/p>\n<p>&nbsp;<\/p>\n<p><b>Eesti Roheline Liikumine<\/b><\/p>\n<p>14. septembril kell 18:00 toimub Tartus <a href=\"http:\/\/www.facebook.com\/events\/119121905414831\" target=\"_blank\" rel=\"noopener\">Rohelise Tee \u00d5htu: Kuidas panna suve- ja s\u00fcgisv\u00e4rvid talveks purki<\/a>? Hoidiste p\u00f5nevast maailmast r\u00e4\u00e4gib Katrin Tammj\u00e4rv (Toorin O\u00dc).<\/p>\n<p><span style=\"font-weight: 400;\">Lisainfo:Anna Trei, <\/span><a href=\"mailto:anna@roheline.ee\"><span style=\"font-weight: 400;\">anna@roheline.ee<\/span><\/a><\/p>\n<p>&nbsp;<\/p>\n<p><b>Peipsi Koost\u00f6\u00f6 Keskus<\/b><\/p>\n<p><span>12. septembril toimub R\u00e4pinas <a href=\"http:\/\/www.ctc.ee\/kaimasolevad-projektid\/orienteerumisretk-201\" target=\"_blank\" rel=\"noopener\">orienteerumisretk &#8220;Ilusa elu valem&#8221;<\/a>.<\/span> <span>Lisaks uute kohtade avastamisele saadakse rajal uusi teadmisi, kuidas elu igap\u00e4evaste valikute abil paremaks muuta.<\/span><\/p>\n<p><span style=\"font-weight: 400;\">Lisainfo: Eeva Kirsipuu-Vadi, 5213881, <\/span><a href=\"mailto:eeva.vadi@gmail.com\"><span style=\"font-weight: 400;\">eeva.vadi@gmail.com<\/span><\/a><\/p>\n<p>&nbsp;<\/p>\n<p>&nbsp;<\/p>\n<p><em>Foto: Eesti Roheline Liikumine<\/em><\/p>\n","protected":false},"excerpt":{"rendered":"<p>Arengukoost\u00f6\u00f6 \u00dcmarlaud 11. &#8211; 12. septembril toimub Tallinnas rahvusvaheline konverents \u201dDigitalising Development &#8211; Are we ready for the future?\u201d, mille&#8230;<\/p>\n","protected":false},"author":32,"featured_media":8324,"comment_status":"open","ping_status":"open","sticky":false,"template":"","format":"standard","meta":{"_acf_changed":false,"footnotes":""},"categories":[7],"tags":[31],"class_list":["post-8323","post","type-post","status-publish","format-standard","has-post-thumbnail","hentry","category-uudised","tag-aku"],"acf":[],"_links":{"self":[{"href":"https:\/\/www.terveilm.ee\/leht\/wp-json\/wp\/v2\/posts\/8323","targetHints":{"allow":["GET"]}}],"collection":[{"href":"https:\/\/www.terveilm.ee\/leht\/wp-json\/wp\/v2\/posts"}],"about":[{"href":"https:\/\/www.terveilm.ee\/leht\/wp-json\/wp\/v2\/types\/post"}],"author":[{"embeddable":true,"href":"https:\/\/www.terveilm.ee\/leht\/wp-json\/wp\/v2\/users\/32"}],"replies":[{"embeddable":true,"href":"https:\/\/www.terveilm.ee\/leht\/wp-json\/wp\/v2\/comments?post=8323"}],"version-history":[{"count":1,"href":"https:\/\/www.terveilm.ee\/leht\/wp-json\/wp\/v2\/posts\/8323\/revisions"}],"predecessor-version":[{"id":8325,"href":"https:\/\/www.terveilm.ee\/leht\/wp-json\/wp\/v2\/posts\/8323\/revisions\/8325"}],"wp:featuredmedia":[{"embeddable":true,"href":"https:\/\/www.terveilm.ee\/leht\/wp-json\/wp\/v2\/media\/8324"}],"wp:attachment":[{"href":"https:\/\/www.terveilm.ee\/leht\/wp-json\/wp\/v2\/media?parent=8323"}],"wp:term":[{"taxonomy":"category","embeddable":true,"href":"https:\/\/www.terveilm.ee\/leht\/wp-json\/wp\/v2\/categories?post=8323"},{"taxonomy":"post_tag","embeddable":true,"href":"https:\/\/www.terveilm.ee\/leht\/wp-json\/wp\/v2\/tags?post=8323"}],"curies":[{"name":"wp","href":"https:\/\/api.w.org\/{rel}","templated":true}]}}