{"id":8343,"date":"2017-09-24T11:15:30","date_gmt":"2017-09-24T08:15:30","guid":{"rendered":"http:\/\/www.terveilm.ee\/leht\/?p=8343"},"modified":"2017-09-24T11:15:30","modified_gmt":"2017-09-24T08:15:30","slug":"kaks-aastat-uro-kestliku-arengu-eesmarkide-vastuvotmisest","status":"publish","type":"post","link":"https:\/\/www.terveilm.ee\/leht\/blogi\/kaks-aastat-uro-kestliku-arengu-eesmarkide-vastuvotmisest\/","title":{"rendered":"Kaks aastat \u00dcRO kestliku arengu eesm\u00e4rkide vastuv\u00f5tmisest"},"content":{"rendered":"<p><strong>25. septembril t\u00e4itub kaks aastat ajast, kui \u00dcRO kiitis heaks kestliku arengu eesm\u00e4rgid (Sustainable Development Goals) k\u00f5ikidele riikidele, kaasa arvatud Eestile.<\/strong><\/p>\n<p>K\u00f5ikidelt \u00dcRO liikmesriikidelt oodatakse poliitika kujundamisel nendest 17 eesm\u00e4rgist l\u00e4htumist \u2013 on oluline, et \u00fckski meie tegu v\u00f5i poliitika ei teeks maakerale ega siin elavatele inimestele veel rohkem kahju. \u00dcRO liikmena on selle kohustuse v\u00f5tnud ka Eesti.<\/p>\n<p>Arengukoost\u00f6\u00f6 \u00dcmarlaua juht Sigrid Solniku s\u00f5nul on kahe aasta jooksul toimunud h\u00fcpe teadlikkuses, kuid mitte poliitikates. \u201cEuroopa ja teised arenenud riigid on enda edu \u00fcles ehitanud ainult majanduskasvu m\u00f5\u00f5tes. Inimeste heaolu on h\u00fcppeliselt kasvanud, kuid me ei m\u00f5tle igap\u00e4evaelus sellele, et meie tarbimis\u00fchiskond kahjustab inimesi ja loodust \u00fcle maailma. Kui kestlik areng ei muutu sisuliseks eesm\u00e4rgiks, on tulemus reostatud planeet ja s\u00fcvenev ebav\u00f5rdsus kogu maailmas, kaasa arvatud Euroopas.\u201d<\/p>\n<p>\u00dcRO kestliku arengu eesm\u00e4rkidel on head v\u00f5imalused saada majanduskasvu asemel arengu m\u00f5\u00f5tmise t\u00f6\u00f6riistaks. SDG-de puhul on elukvaliteet seotud loodusvarade ja keskkonna talumisv\u00f5imega, saavutades tasakaalu inimeste heaolu ja keskkonna v\u00f5imaluste vahel. Majandusarengut m\u00f5\u00f5detakse samuti, kuid see on \u00fcks osa suurest tervikust.<\/p>\n<p>Selleks, et meil oleks v\u00f5imalus enda lastele p\u00e4randada enam-v\u00e4hem korras planeet ja v\u00e4hendada ebav\u00f5rdsust maailmas, on vaja kogu Euroopa valitsustelt riigimehelikke otsuseid ja julgust neid valijatele selgitada. Poliitiliselt neid otsuseid pigem kardetakse, sest kui p\u00fchenduda kestlikule arengule, peab \u00fcmber vaatama kogu senise majandusliku s\u00fcsteemi.<\/p>\n<p>\u201cTarbimise asendamine s\u00e4\u00e4stmisega on suur ja vajalik paradigma muutus, kuid \u00fckski valitsus ei ole olnud piisavalt julge, et see v\u00e4lja \u00f6elda ja tervikuna ellu viia. T\u00e4nu Eesti v\u00e4iksusele ja IT-lahendustele on meil kiire ja paindlik riigivalitsemine. Miks mitte kasutada neid eeldusi, et kestliku arengu eesm\u00e4rgid praktikasse viia ja paljudele riikidele eeskujuks olla?\u201d lisas Solnik.<\/p>\n<p><a href=\"http:\/\/www.terveilm.ee\/leht\/teabekeskuse-teemad\/uro-arengueesmargid\/\" target=\"_blank\" rel=\"noopener\">\u00dcRO 17 arengueesm\u00e4rgist saab pikemalt lugeda siit<\/a>.<\/p>\n<p>&nbsp;<\/p>\n<p>&nbsp;<\/p>\n<p>&nbsp;<\/p>\n","protected":false},"excerpt":{"rendered":"<p>25. septembril t\u00e4itub kaks aastat ajast, kui \u00dcRO kiitis heaks kestliku arengu eesm\u00e4rgid (Sustainable Development Goals) k\u00f5ikidele riikidele, kaasa arvatud&#8230;<\/p>\n","protected":false},"author":32,"featured_media":7183,"comment_status":"open","ping_status":"open","sticky":false,"template":"","format":"standard","meta":{"_acf_changed":false,"footnotes":""},"categories":[3],"tags":[30,28],"class_list":["post-8343","post","type-post","status-publish","format-standard","has-post-thumbnail","hentry","category-blogi","tag-kestliku-arengu-koalitsioon-sdg","tag-poliitikate-sidusus"],"acf":[],"_links":{"self":[{"href":"https:\/\/www.terveilm.ee\/leht\/wp-json\/wp\/v2\/posts\/8343","targetHints":{"allow":["GET"]}}],"collection":[{"href":"https:\/\/www.terveilm.ee\/leht\/wp-json\/wp\/v2\/posts"}],"about":[{"href":"https:\/\/www.terveilm.ee\/leht\/wp-json\/wp\/v2\/types\/post"}],"author":[{"embeddable":true,"href":"https:\/\/www.terveilm.ee\/leht\/wp-json\/wp\/v2\/users\/32"}],"replies":[{"embeddable":true,"href":"https:\/\/www.terveilm.ee\/leht\/wp-json\/wp\/v2\/comments?post=8343"}],"version-history":[{"count":1,"href":"https:\/\/www.terveilm.ee\/leht\/wp-json\/wp\/v2\/posts\/8343\/revisions"}],"predecessor-version":[{"id":8344,"href":"https:\/\/www.terveilm.ee\/leht\/wp-json\/wp\/v2\/posts\/8343\/revisions\/8344"}],"wp:featuredmedia":[{"embeddable":true,"href":"https:\/\/www.terveilm.ee\/leht\/wp-json\/wp\/v2\/media\/7183"}],"wp:attachment":[{"href":"https:\/\/www.terveilm.ee\/leht\/wp-json\/wp\/v2\/media?parent=8343"}],"wp:term":[{"taxonomy":"category","embeddable":true,"href":"https:\/\/www.terveilm.ee\/leht\/wp-json\/wp\/v2\/categories?post=8343"},{"taxonomy":"post_tag","embeddable":true,"href":"https:\/\/www.terveilm.ee\/leht\/wp-json\/wp\/v2\/tags?post=8343"}],"curies":[{"name":"wp","href":"https:\/\/api.w.org\/{rel}","templated":true}]}}