{"id":8349,"date":"2017-09-25T12:36:48","date_gmt":"2017-09-25T09:36:48","guid":{"rendered":"http:\/\/www.terveilm.ee\/leht\/?p=8349"},"modified":"2017-10-09T11:40:22","modified_gmt":"2017-10-09T08:40:22","slug":"aku-uus-roomus-logo","status":"publish","type":"post","link":"https:\/\/www.terveilm.ee\/leht\/blogi\/aku-uus-roomus-logo\/","title":{"rendered":"AK\u00dc uus r\u00f5\u00f5mus logo"},"content":{"rendered":"<p><strong>Arengukoost\u00f6\u00f6 \u00dcmarlaud kaasajastas enda logo. Kui liikmetel v\u00f5i partneritel on kodulehtedel meie logo kasutuses, palun vahetage see uue vastu.\u00a0<\/strong><\/p>\n<p>Vana logo oli kasutuses aastast 2010 ja juba nii vana, et selle kohta \u00fctles \u00fcks disainer, et kui veel m\u00f5ned aastad oodata, muutub ta juba stiilseks.\u00a0Kes ei m\u00e4leta, siis eelmine logo oli selline:<\/p>\n<p><a href=\"http:\/\/www.terveilm.ee\/leht\/wp-content\/uploads\/2017\/09\/AKU_logo_nimega.jpg\"><img loading=\"lazy\" decoding=\"async\" class=\"wp-image-8350 aligncenter\" src=\"http:\/\/www.terveilm.ee\/leht\/wp-content\/uploads\/2017\/09\/AKU_logo_nimega-300x234.jpg\" alt=\"\" width=\"177\" height=\"138\" srcset=\"https:\/\/www.terveilm.ee\/leht\/wp-content\/uploads\/2017\/09\/AKU_logo_nimega-300x234.jpg 300w, https:\/\/www.terveilm.ee\/leht\/wp-content\/uploads\/2017\/09\/AKU_logo_nimega-768x598.jpg 768w, https:\/\/www.terveilm.ee\/leht\/wp-content\/uploads\/2017\/09\/AKU_logo_nimega.jpg 925w\" sizes=\"auto, (max-width: 177px) 100vw, 177px\" \/><\/a><\/p>\n<p>Uue logo puhul j\u00e4tsime alles inimese figuuri, aga n\u00fc\u00fcd on nad rohkem \u00fcmarlaua moodi ja r\u00f5\u00f5msamad ka:<\/p>\n<p><a href=\"http:\/\/www.terveilm.ee\/leht\/wp-content\/uploads\/2017\/09\/AK\u00dc_lyhendatud_logo_RGB-e1506331704546.png\"><img loading=\"lazy\" decoding=\"async\" class=\"wp-image-8351 aligncenter\" src=\"http:\/\/www.terveilm.ee\/leht\/wp-content\/uploads\/2017\/09\/AK\u00dc_lyhendatud_logo_RGB-e1506331704546-300x212.png\" alt=\"\" width=\"354\" height=\"250\" srcset=\"https:\/\/www.terveilm.ee\/leht\/wp-content\/uploads\/2017\/09\/AK\u00dc_lyhendatud_logo_RGB-e1506331704546-300x212.png 300w, https:\/\/www.terveilm.ee\/leht\/wp-content\/uploads\/2017\/09\/AK\u00dc_lyhendatud_logo_RGB-e1506331704546-768x542.png 768w, https:\/\/www.terveilm.ee\/leht\/wp-content\/uploads\/2017\/09\/AK\u00dc_lyhendatud_logo_RGB-e1506331704546.png 894w\" sizes=\"auto, (max-width: 354px) 100vw, 354px\" \/><\/a><\/p>\n<p>V\u00f5imalik on kasutada ka pika nimetusega logo:<\/p>\n<p><a href=\"http:\/\/www.terveilm.ee\/leht\/wp-content\/uploads\/2017\/09\/AK\u00dc_pohilogo_RGB-e1506331766932.png\"><img loading=\"lazy\" decoding=\"async\" class=\"wp-image-8352 aligncenter\" src=\"http:\/\/www.terveilm.ee\/leht\/wp-content\/uploads\/2017\/09\/AK\u00dc_pohilogo_RGB-e1506331766932-300x154.png\" alt=\"\" width=\"333\" height=\"171\" srcset=\"https:\/\/www.terveilm.ee\/leht\/wp-content\/uploads\/2017\/09\/AK\u00dc_pohilogo_RGB-e1506331766932-300x154.png 300w, https:\/\/www.terveilm.ee\/leht\/wp-content\/uploads\/2017\/09\/AK\u00dc_pohilogo_RGB-e1506331766932-768x393.png 768w, https:\/\/www.terveilm.ee\/leht\/wp-content\/uploads\/2017\/09\/AK\u00dc_pohilogo_RGB-e1506331766932.png 988w\" sizes=\"auto, (max-width: 333px) 100vw, 333px\" \/><\/a><\/p>\n<p>Vahel on AK\u00dc ja Terveilma logosid koos vaja, siis saab sellise v\u00f5tta:<\/p>\n<p><a href=\"http:\/\/www.terveilm.ee\/leht\/wp-content\/uploads\/2017\/09\/AK\u00dc_pohilogo_taiendiga_mustvalge_RGB-e1506331820420.png\"><img loading=\"lazy\" decoding=\"async\" class=\"wp-image-8353 aligncenter\" src=\"http:\/\/www.terveilm.ee\/leht\/wp-content\/uploads\/2017\/09\/AK\u00dc_pohilogo_taiendiga_mustvalge_RGB-e1506331820420-300x177.png\" alt=\"\" width=\"341\" height=\"201\" srcset=\"https:\/\/www.terveilm.ee\/leht\/wp-content\/uploads\/2017\/09\/AK\u00dc_pohilogo_taiendiga_mustvalge_RGB-e1506331820420-300x177.png 300w, https:\/\/www.terveilm.ee\/leht\/wp-content\/uploads\/2017\/09\/AK\u00dc_pohilogo_taiendiga_mustvalge_RGB-e1506331820420-768x452.png 768w, https:\/\/www.terveilm.ee\/leht\/wp-content\/uploads\/2017\/09\/AK\u00dc_pohilogo_taiendiga_mustvalge_RGB-e1506331820420.png 1019w\" sizes=\"auto, (max-width: 341px) 100vw, 341px\" \/><\/a><\/p>\n<p>K\u00f5ikidest logodest on olemas nii PDF, PNG kui Pages failid. Kui on vaja kindlat formaati v\u00f5i suurust, kirjutage kommunikatsioonijuht Katrin P\u00e4rgm\u00e4ele &#8211; katrin \u00e4t terveilm punkt ee.<\/p>\n<p>&nbsp;<\/p>\n","protected":false},"excerpt":{"rendered":"<p>Arengukoost\u00f6\u00f6 \u00dcmarlaud kaasajastas enda logo. Kui liikmetel v\u00f5i partneritel on kodulehtedel meie logo kasutuses, palun vahetage see uue vastu.\u00a0 Vana&#8230;<\/p>\n","protected":false},"author":32,"featured_media":8352,"comment_status":"open","ping_status":"open","sticky":false,"template":"","format":"standard","meta":{"_acf_changed":false,"footnotes":""},"categories":[7],"tags":[31],"class_list":["post-8349","post","type-post","status-publish","format-standard","has-post-thumbnail","hentry","category-uudised","tag-aku"],"acf":[],"_links":{"self":[{"href":"https:\/\/www.terveilm.ee\/leht\/wp-json\/wp\/v2\/posts\/8349","targetHints":{"allow":["GET"]}}],"collection":[{"href":"https:\/\/www.terveilm.ee\/leht\/wp-json\/wp\/v2\/posts"}],"about":[{"href":"https:\/\/www.terveilm.ee\/leht\/wp-json\/wp\/v2\/types\/post"}],"author":[{"embeddable":true,"href":"https:\/\/www.terveilm.ee\/leht\/wp-json\/wp\/v2\/users\/32"}],"replies":[{"embeddable":true,"href":"https:\/\/www.terveilm.ee\/leht\/wp-json\/wp\/v2\/comments?post=8349"}],"version-history":[{"count":3,"href":"https:\/\/www.terveilm.ee\/leht\/wp-json\/wp\/v2\/posts\/8349\/revisions"}],"predecessor-version":[{"id":8356,"href":"https:\/\/www.terveilm.ee\/leht\/wp-json\/wp\/v2\/posts\/8349\/revisions\/8356"}],"wp:featuredmedia":[{"embeddable":true,"href":"https:\/\/www.terveilm.ee\/leht\/wp-json\/wp\/v2\/media\/8352"}],"wp:attachment":[{"href":"https:\/\/www.terveilm.ee\/leht\/wp-json\/wp\/v2\/media?parent=8349"}],"wp:term":[{"taxonomy":"category","embeddable":true,"href":"https:\/\/www.terveilm.ee\/leht\/wp-json\/wp\/v2\/categories?post=8349"},{"taxonomy":"post_tag","embeddable":true,"href":"https:\/\/www.terveilm.ee\/leht\/wp-json\/wp\/v2\/tags?post=8349"}],"curies":[{"name":"wp","href":"https:\/\/api.w.org\/{rel}","templated":true}]}}