{"id":8363,"date":"2017-10-06T13:14:53","date_gmt":"2017-10-06T10:14:53","guid":{"rendered":"http:\/\/www.terveilm.ee\/leht\/?p=8363"},"modified":"2017-10-06T13:16:40","modified_gmt":"2017-10-06T10:16:40","slug":"miks-elu-paranemine-maailmas-meid-ullatab","status":"publish","type":"post","link":"https:\/\/www.terveilm.ee\/leht\/blogi\/miks-elu-paranemine-maailmas-meid-ullatab\/","title":{"rendered":"Miks elu paranemine maailmas meid \u00fcllatab?"},"content":{"rendered":"<p><strong>&#8220;Mulle meeldib ikka m\u00f5elda, et olen avatud meeltega ning suudan \u00fcpriski h\u00e4sti tajuda, millises maailmas elan. M\u00f5tlesin, et l\u00e4hen festivali teisel p\u00e4eval eelarvamuste alale ja saan oma teadmistele kinnitust. Teadmistem\u00e4ngus \u201cHans Roslingi jalaj\u00e4lgedes: kui palju me maailma kohta ei tea?\u201d esitas m\u00e4ngujuht k\u00fcsimusi ning osalejad said 3D-m\u00e4ngunuppudena liikuda selle vastuseposti juurde, mida pidasid \u00f5igeks.<\/strong><\/p>\n<p><img loading=\"lazy\" decoding=\"async\" class=\"aligncenter wp-image-8364 size-medium\" src=\"http:\/\/www.terveilm.ee\/leht\/wp-content\/uploads\/2017\/10\/rosling-695x463-300x200.jpg\" alt=\"\" width=\"300\" height=\"200\" srcset=\"https:\/\/www.terveilm.ee\/leht\/wp-content\/uploads\/2017\/10\/rosling-695x463-300x200.jpg 300w, https:\/\/www.terveilm.ee\/leht\/wp-content\/uploads\/2017\/10\/rosling-695x463.jpg 695w\" sizes=\"auto, (max-width: 300px) 100vw, 300px\" \/><\/p>\n<p>M\u00e4ng algab. Esimene k\u00fcsimus: \u201cMaailmas keskmiselt on 30-aastane mees k\u00e4inud koolis 10 aastat. Kui kaua on koolis k\u00e4inud sama vana naine?\u201d Vastuseks saab valida kas \u00fcheksa, kuus v\u00f5i kolm aastat. M\u00f5tlen ja k\u00f5hklen ning hakkan liikuma kolme-aasta vastuseposti suunas. Enamik osalejaid on minuga sama meelt. K\u00f5ige v\u00e4hem on inimesi \u00fcheksa-aasta vastuse juures. Arutame enda r\u00fchmas, et kuigi Eestis on naised haritumad kui mehed, siis \u00fclej\u00e4\u00e4nud maailmas ei ole naiste roll \u00fchiskonnas ja nende v\u00f5imalused haridusele niiv\u00f5rd head. R\u00fchmakaaslased noogutavad kaasa. \u00dcllatus on suur, kui m\u00e4ngujuht teatab, et \u00f5ige vastus on \u00fcheksa aastat ehk maailmas keskmiselt ei j\u00e4\u00e4 naiste haridustee \u00fcldsegi palju l\u00fchemaks kui meestel. Varem oli ebav\u00f5rdsus suurem, kuid olukord on ajaga m\u00e4rkimisv\u00e4\u00e4rselt paranenud. \u00dcheksa-aasta vastajad juubeldavad, meie teeme suuri silmi.<\/p>\n<p>Teine k\u00fcsimus: \u201cKuidas on viimase saja aasta jooksul muutunud loodus\u00f5nnetustes surma saanud inimeste arv? Rohkem kui kaks korda suurenenud, j\u00e4\u00e4nud samaks v\u00f5i rohkem kui kaks korda v\u00e4henenud?\u201d M\u00f5tlen kliimasoojenemise peale ning sellele, et rahvastikutihedus on suurenenud, mist\u00f5ttu on looduskatastroofid ehk t\u00e4nap\u00e4eval surmavamad. Samas on j\u00e4llegi meditsiin hoogsalt arenenud. J\u00e4\u00e4n keskmise vastuse juurde. Osalejad jaotuvad n\u00fc\u00fcd palju v\u00f5rdsemalt. \u00d5ige vastus on, et hukkunute arv on rohkem kui kaks korda v\u00e4henenud. Hakkan vastuste loogikast ja s\u00f5numist aru saama.<\/p>\n<p>Mida rohkem k\u00fcsimusi j\u00e4rgneb, seda optimistlikumaks vastajad muutuvad. Vihmasabinad tekitavad trotsi, kuid vastused teevad meele heldeks. \u201cMis oli 2015. aastal s\u00fcndinud lapse keskmine oodatav eluiga? 50? 60? 70 aastat?\u201d 50 juurde ei liigu kedagi, enamik on \u00f5ige vastuse 70 juures. Hurraa!&#8221; &#8211; Elina Allikalt, <a href=\"https:\/\/www.arvamusfestival.ee\/maailm-tegelikult-palju-parem-ja-ohutum-kui-kardame\/\" target=\"_blank\" rel=\"noopener\">Arvamusfestivali blogis<\/a><\/p>\n<h4>Miks enamus meist arvas, et asjad l\u00e4hevad halvemaks?<\/h4>\n<ol>\n<li>Elu maailmas on palju paremaks l\u00e4inud viimase 30 aasta jooksul, koolis\u00a0\u00f5petatud faktid on vananenud\u00a0(mis aastal k\u00e4is \u00fclikoolis Sinu k\u00f5ige vanem \u00f5petaja?).<\/li>\n<li>Meedia otsib erakordseid uudiseid, enamasti on need halvad. Suurt t\u00e4helepanu saavad viletsus ja surm, kuid headest asjadest ei r\u00e4\u00e4gita. Nii on lihtne j\u00e4reldada, et asjad ongi halvasti.<\/li>\n<li>Hirmutamine &#8211; igas \u00fchiskonnas on inimesi ja organisatsioone, kes v\u00f5idavad odavat populaarsust hirmude s\u00fcvendamisega.<\/li>\n<li>Aastasadu tagasi t\u00f6\u00f6tas intuitsioon meie kasuks &#8211; me n\u00e4gime midagi ja tegime sellest\u00a0j\u00e4reldused maailma toimimise kohta laiemalt. T\u00e4nap\u00e4eval on vastupidi &#8211; uudiste ja sotsiaalmeedia v\u00f5iduk\u00e4iguga\u00a0n\u00e4eme palju\u00a0negatiivseid s\u00fcndmuseid, mis on erakordsed. N\u00fc\u00fcd\u00a0t\u00f6\u00f6tab\u00a0intuitsioon meile vastu &#8211; enam\u00a0ei saa \u00fcksikute lugude p\u00f5hjal \u00fcldistusi teha. Ainus v\u00f5imalus saada teemast \u00f5ige pilt oleks\u00a0alati kogu teema l\u00e4bi t\u00f6\u00f6tada, aga seda ei j\u00f5ua meist keegi.<\/li>\n<\/ol>\n<p><strong>Kuidas olukord\u00a0enda kasuks p\u00f6\u00f6rata?<\/strong><\/p>\n<ol>\n<li>Eelda, et maailmas l\u00e4hevad asjad paremaks.<\/li>\n<li>Eelda, et \u00a0ebav\u00f5rdsus maailmas kahaneb.<\/li>\n<li>\u00c4ra eelda, et rikkus on iga\u00a0edusammu eeldus. Ka vaestes riikides k\u00e4ivad t\u00fcdrukud koolis, enamuses kohtades maailmas on elekter, enamus inimesi on kirjaoskajad jne.<\/li>\n<li>Arvesta, et me \u00fclehindame ohtusid, mida ise kardame. (Kas usud, et\u00a0haid on ohtlikud?\u00a0Surmap\u00f5hjuste statistika\u00a0j\u00e4rgi mitte.) Meiega on lihtne manipuleerida v\u00f5imendades asju, mida niigi kardame.<\/li>\n<\/ol>\n","protected":false},"excerpt":{"rendered":"<p>&#8220;Mulle meeldib ikka m\u00f5elda, et olen avatud meeltega ning suudan \u00fcpriski h\u00e4sti tajuda, millises maailmas elan. M\u00f5tlesin, et l\u00e4hen festivali&#8230;<\/p>\n","protected":false},"author":32,"featured_media":8368,"comment_status":"open","ping_status":"open","sticky":false,"template":"","format":"standard","meta":{"_acf_changed":false,"footnotes":""},"categories":[3],"tags":[31,35,25,20],"class_list":["post-8363","post","type-post","status-publish","format-standard","has-post-thumbnail","hentry","category-blogi","tag-aku","tag-arengukoostoo","tag-kliimamuutused","tag-tervis"],"acf":[],"_links":{"self":[{"href":"https:\/\/www.terveilm.ee\/leht\/wp-json\/wp\/v2\/posts\/8363","targetHints":{"allow":["GET"]}}],"collection":[{"href":"https:\/\/www.terveilm.ee\/leht\/wp-json\/wp\/v2\/posts"}],"about":[{"href":"https:\/\/www.terveilm.ee\/leht\/wp-json\/wp\/v2\/types\/post"}],"author":[{"embeddable":true,"href":"https:\/\/www.terveilm.ee\/leht\/wp-json\/wp\/v2\/users\/32"}],"replies":[{"embeddable":true,"href":"https:\/\/www.terveilm.ee\/leht\/wp-json\/wp\/v2\/comments?post=8363"}],"version-history":[{"count":1,"href":"https:\/\/www.terveilm.ee\/leht\/wp-json\/wp\/v2\/posts\/8363\/revisions"}],"predecessor-version":[{"id":8366,"href":"https:\/\/www.terveilm.ee\/leht\/wp-json\/wp\/v2\/posts\/8363\/revisions\/8366"}],"wp:featuredmedia":[{"embeddable":true,"href":"https:\/\/www.terveilm.ee\/leht\/wp-json\/wp\/v2\/media\/8368"}],"wp:attachment":[{"href":"https:\/\/www.terveilm.ee\/leht\/wp-json\/wp\/v2\/media?parent=8363"}],"wp:term":[{"taxonomy":"category","embeddable":true,"href":"https:\/\/www.terveilm.ee\/leht\/wp-json\/wp\/v2\/categories?post=8363"},{"taxonomy":"post_tag","embeddable":true,"href":"https:\/\/www.terveilm.ee\/leht\/wp-json\/wp\/v2\/tags?post=8363"}],"curies":[{"name":"wp","href":"https:\/\/api.w.org\/{rel}","templated":true}]}}