{"id":8369,"date":"2017-10-06T14:06:14","date_gmt":"2017-10-06T11:06:14","guid":{"rendered":"http:\/\/www.terveilm.ee\/leht\/?p=8369"},"modified":"2017-10-06T14:06:19","modified_gmt":"2017-10-06T11:06:19","slug":"aku-liikmete-eelinfo-9-13-oktoober","status":"publish","type":"post","link":"https:\/\/www.terveilm.ee\/leht\/blogi\/aku-liikmete-eelinfo-9-13-oktoober\/","title":{"rendered":"AK\u00dc liikmete eelinfo 9. &#8211; 13. oktoober"},"content":{"rendered":"<p><strong>Arengukoost\u00f6\u00f6 \u00dcmarlaud<\/strong><\/p>\n<p>10. oktoobril t\u00e4histab maailm vaimse tervise p\u00e4eva. Maailma \u00f5nnelikkuse indeks 2017 j\u00e4rgi on vaimne tervis peamine p\u00f5hjus, miks arenenud riikide inimesed tunnevad ennast \u00f5nnetuna, see on olulisem n\u00e4itaja kui sissetulek v\u00f5i f\u00fc\u00fcsiline tervis.<\/p>\n<p>Lisainfo: Katrin P\u00e4rgm\u00e4e, 56 623 823, <a href=\"mailto:katrin@terveilm.ee\">katrin@terveilm.ee<\/a><\/p>\n<p><strong>e-Riigi Akadeemia<\/strong><\/p>\n<ul>\n<li>12.10 esineb Arvo Ott Malaisia Digital ID Summitil ettekandega \u201c Digital ID: Sharing of International Implementation Experience\u201d.<\/li>\n<li>Linnar Viik, Raul Rikk E-riigi Akadeemiast ja Hele Karilaid V\u00e4lisministeeriumist n\u00f5ustavad Mauritiust digitaalse diplomaatia vallas.<\/li>\n<\/ul>\n<p>Lisainfo: Anu Vahtra-Hellat, \u00a0517 7671, <a href=\"mailto:anu.vahtra-hellat@ega.ee\">anu.vahtra-hellat@ega.ee<\/a><\/p>\n<p><strong>Mondo<\/strong><\/p>\n<p>Kogu j\u00e4rgmine n\u00e4dala jooksul toimub kuues Kaubanduse Aastakongress Tallinna Lauluv\u00e4ljakul. 12. oktoobril toimub ka poolep\u00e4evane <a href=\"http:\/\/www.kaubandus.ee\/uritused\/2017\/06\/13\/workshop-mida-ostjad-tahavad\" target=\"_blank\" rel=\"noopener\">Workshop: Mida ostjad tahavad<\/a>? MT\u00dc Mondo vastutustundliku tarbimise eestvedaja Kristina M\u00e4nd r\u00e4\u00e4gib vastutustundlikust tarbimisest ja kaubandusest kui trendist, millest pole enam p\u00e4\u00e4su.<\/p>\n<p>Lisainfo: Kristina M\u00e4nd, <a href=\"mailto:kristina@mondo.org.ee\">kristina@mondo.org.ee<\/a><\/p>\n<p>&nbsp;<\/p>\n<p><strong>Eesti Roheline Liikumine<\/strong><\/p>\n<p>11. oktoobril alustab Eesti Roheline Liikumine \u00fclemaailmse <a href=\"http:\/\/roheline.ee\/projektid\/okovaljakutse\/\" target=\"_blank\" rel=\"noopener\">\u00f6kov\u00e4ljakutse kampaaniaga<\/a>, mis kestab kaks n\u00e4dalat ja kus osalejad saavad endale ise meelep\u00e4rase tegevuse valida.<\/p>\n<p>Lisainfo: Meriliis Kotkas, <a href=\"mailto:meriliis@roheline.ee\">meriliis@roheline.ee<\/a><\/p>\n","protected":false},"excerpt":{"rendered":"<p>Arengukoost\u00f6\u00f6 \u00dcmarlaud 10. oktoobril t\u00e4histab maailm vaimse tervise p\u00e4eva. Maailma \u00f5nnelikkuse indeks 2017 j\u00e4rgi on vaimne tervis peamine p\u00f5hjus, miks&#8230;<\/p>\n","protected":false},"author":32,"featured_media":8370,"comment_status":"open","ping_status":"open","sticky":false,"template":"","format":"standard","meta":{"_acf_changed":false,"footnotes":""},"categories":[7],"tags":[31],"class_list":["post-8369","post","type-post","status-publish","format-standard","has-post-thumbnail","hentry","category-uudised","tag-aku"],"acf":[],"_links":{"self":[{"href":"https:\/\/www.terveilm.ee\/leht\/wp-json\/wp\/v2\/posts\/8369","targetHints":{"allow":["GET"]}}],"collection":[{"href":"https:\/\/www.terveilm.ee\/leht\/wp-json\/wp\/v2\/posts"}],"about":[{"href":"https:\/\/www.terveilm.ee\/leht\/wp-json\/wp\/v2\/types\/post"}],"author":[{"embeddable":true,"href":"https:\/\/www.terveilm.ee\/leht\/wp-json\/wp\/v2\/users\/32"}],"replies":[{"embeddable":true,"href":"https:\/\/www.terveilm.ee\/leht\/wp-json\/wp\/v2\/comments?post=8369"}],"version-history":[{"count":1,"href":"https:\/\/www.terveilm.ee\/leht\/wp-json\/wp\/v2\/posts\/8369\/revisions"}],"predecessor-version":[{"id":8371,"href":"https:\/\/www.terveilm.ee\/leht\/wp-json\/wp\/v2\/posts\/8369\/revisions\/8371"}],"wp:featuredmedia":[{"embeddable":true,"href":"https:\/\/www.terveilm.ee\/leht\/wp-json\/wp\/v2\/media\/8370"}],"wp:attachment":[{"href":"https:\/\/www.terveilm.ee\/leht\/wp-json\/wp\/v2\/media?parent=8369"}],"wp:term":[{"taxonomy":"category","embeddable":true,"href":"https:\/\/www.terveilm.ee\/leht\/wp-json\/wp\/v2\/categories?post=8369"},{"taxonomy":"post_tag","embeddable":true,"href":"https:\/\/www.terveilm.ee\/leht\/wp-json\/wp\/v2\/tags?post=8369"}],"curies":[{"name":"wp","href":"https:\/\/api.w.org\/{rel}","templated":true}]}}