{"id":8376,"date":"2017-10-10T10:11:33","date_gmt":"2017-10-10T07:11:33","guid":{"rendered":"http:\/\/www.terveilm.ee\/leht\/?p=8376"},"modified":"2017-10-10T10:12:10","modified_gmt":"2017-10-10T07:12:10","slug":"vaimse-tervise-mured-on-suurim-onnetuse-allikas","status":"publish","type":"post","link":"https:\/\/www.terveilm.ee\/leht\/blogi\/vaimse-tervise-mured-on-suurim-onnetuse-allikas\/","title":{"rendered":"Vaimse tervise mured on suurim \u00f5nnetuse allikas"},"content":{"rendered":"<p><strong>T\u00e4na, 10. oktoobril on rahvusvaheline vaimse tervise p\u00e4ev. Maailma \u00f5nnelikkuse indeksi j\u00e4rgi on vaimsed probleemid peamine p\u00f5hjus, miks on l\u00e4\u00e4nemaailma inimesed \u00f5nnetud.<\/strong><\/p>\n<p>Uuringu j\u00e4rgi p\u00f5hjustavad vaimsed h\u00e4ired l\u00e4\u00e4nemaailmas k\u00f5ige rohkem \u00f5nnetust. Vaimne tervis m\u00f5jutab \u00f5nnetunnet rohkem kui sissetulek v\u00f5i f\u00fc\u00fcsilised haigused. Ka arengumaades on vaimne tervis \u00f5nnetundega tugevamalt seotud kui f\u00fc\u00fcsiline tervis. Seega ei saa r\u00e4\u00e4kida \u00fchiskondlikust ega isiklikust heaolust kohtades, kus vaimse tervise n\u00e4itajad on madalad.<\/p>\n<p>Arengukoost\u00f6\u00f6 \u00dcmarlaua juht Sigrid Solniku s\u00f5nul on lahendusi vaimse tervise muredele mitmeid. \u201cN\u00e4iteks v\u00f5iksime endale tunnistada, et majanduskasv ei ole riigi v\u00f5i inimese elu peamine eesm\u00e4rk. Kui \u00fcmber defineerida \u00fchiskonna edukuse alused, hakkavad muutuma ka inimeste v\u00e4\u00e4rtushinnangud. Esimese riigina kaalub Rootsi iganenud SKP-p\u00f5hise hindamise \u00fcmber vahetamist. Selle asemel hakatakse m\u00f5\u00f5tma v\u00e4\u00e4rtuseid, mis on tervislikud inimestele ja head planeedile.\u201d<\/p>\n<p>\u201cTervise Arengu Instituudi andmetel satuvad vaimse tervise h\u00e4irete all kannatavad inimesed tihti sotsiaalsesse isolatsiooni, nende elukvaliteet halveneb ja suremusn\u00e4itaja t\u00f5useb. Selles osas v\u00f5iksime \u00f5ppida ka teistelt kultuuridelt, kus ei ole tugevat normi, milline on normaalsus ja iga vaimset erip\u00e4ra ei liigitata kohe haiguseks, mida peaks taunima ja ravima\u201d, s\u00f5nas Solnik.<\/p>\n<p>Samuti selgus uuringust, et laste emotsionaalne tervis ja k\u00e4itumine ennustavad koolihinnetest paremini tema \u00f5nnetunnet t\u00e4iskasvanuna. K\u00f5ige rohkem m\u00f5jutab laste heaolu tulevikus hoopis ema vaimne tervis, samuti on oluline m\u00f5jutaja koolikeskkond.<\/p>\n<p><a href=\"https:\/\/s3.amazonaws.com\/sdsn-whr2017\/HR17_3-20-17.pdf\" target=\"_blank\" rel=\"noopener\">Maailma \u00f5nnelikkuse indeks 2017<\/a><\/p>\n<p>Arengukoost\u00f6\u00f6 \u00dcmarlaud koondab 33 Eesti vaba\u00fchendust, kes tegelevad arengukoost\u00f6\u00f6 ja kestliku arengu teemadega.<\/p>\n<p><em>Foto: Flickr creative commons,\u00a0<a class=\"owner-name truncate\" title=\"Go to Gordon's photostream\" href=\"https:\/\/www.flickr.com\/photos\/monkeymashbutton\/\" data-track=\"attributionNameClick\" data-rapid_p=\"61\">Gordon<\/a><\/em><\/p>\n<p>&nbsp;<\/p>\n","protected":false},"excerpt":{"rendered":"<p>T\u00e4na, 10. oktoobril on rahvusvaheline vaimse tervise p\u00e4ev. Maailma \u00f5nnelikkuse indeksi j\u00e4rgi on vaimsed probleemid peamine p\u00f5hjus, miks on l\u00e4\u00e4nemaailma&#8230;<\/p>\n","protected":false},"author":32,"featured_media":8377,"comment_status":"open","ping_status":"open","sticky":false,"template":"","format":"standard","meta":{"_acf_changed":false,"footnotes":""},"categories":[3],"tags":[23,33],"class_list":["post-8376","post","type-post","status-publish","format-standard","has-post-thumbnail","hentry","category-blogi","tag-inimoigused","tag-majandus"],"acf":[],"_links":{"self":[{"href":"https:\/\/www.terveilm.ee\/leht\/wp-json\/wp\/v2\/posts\/8376","targetHints":{"allow":["GET"]}}],"collection":[{"href":"https:\/\/www.terveilm.ee\/leht\/wp-json\/wp\/v2\/posts"}],"about":[{"href":"https:\/\/www.terveilm.ee\/leht\/wp-json\/wp\/v2\/types\/post"}],"author":[{"embeddable":true,"href":"https:\/\/www.terveilm.ee\/leht\/wp-json\/wp\/v2\/users\/32"}],"replies":[{"embeddable":true,"href":"https:\/\/www.terveilm.ee\/leht\/wp-json\/wp\/v2\/comments?post=8376"}],"version-history":[{"count":1,"href":"https:\/\/www.terveilm.ee\/leht\/wp-json\/wp\/v2\/posts\/8376\/revisions"}],"predecessor-version":[{"id":8378,"href":"https:\/\/www.terveilm.ee\/leht\/wp-json\/wp\/v2\/posts\/8376\/revisions\/8378"}],"wp:featuredmedia":[{"embeddable":true,"href":"https:\/\/www.terveilm.ee\/leht\/wp-json\/wp\/v2\/media\/8377"}],"wp:attachment":[{"href":"https:\/\/www.terveilm.ee\/leht\/wp-json\/wp\/v2\/media?parent=8376"}],"wp:term":[{"taxonomy":"category","embeddable":true,"href":"https:\/\/www.terveilm.ee\/leht\/wp-json\/wp\/v2\/categories?post=8376"},{"taxonomy":"post_tag","embeddable":true,"href":"https:\/\/www.terveilm.ee\/leht\/wp-json\/wp\/v2\/tags?post=8376"}],"curies":[{"name":"wp","href":"https:\/\/api.w.org\/{rel}","templated":true}]}}