{"id":8379,"date":"2017-10-10T13:17:07","date_gmt":"2017-10-10T10:17:07","guid":{"rendered":"http:\/\/www.terveilm.ee\/leht\/?p=8379"},"modified":"2017-10-10T13:17:07","modified_gmt":"2017-10-10T10:17:07","slug":"aku-oktoobris","status":"publish","type":"post","link":"https:\/\/www.terveilm.ee\/leht\/blogi\/aku-oktoobris\/","title":{"rendered":"AK\u00dc oktoobris"},"content":{"rendered":"<p><strong>Aastas on vaid \u00fcks kuu, mil saab rahus \u00f6elda, et ega v\u00e4ga midagi teha olegi. See kuu on juuli, mil k\u00f5ik niidavad muru ja nuusutavad lilli ega tegele t\u00f6iste asjadega. Oktoober, seevastu, on tegus ja asjalik. Proovime AK\u00dc meeskonnas leida t\u00f6\u00f6 k\u00f5rvalt ka aega \u00fcheskoos s\u00fcnnip\u00e4evade t\u00e4histamiseks (elagu Iti, Agne ja Sigrid!). <\/strong><\/p>\n<p><strong>Millised on rehekuised toimetused AK\u00dc meeskonnas? <\/strong><\/p>\n<p><span style=\"font-weight: 400;\">Esimese asjana on hea meel tutvustada uut m\u00e4ngijat AK\u00dc naiskonnas. Tere tulemast, Iti P\u00e4llin! Iti on Villapai poe perenaine, ent aprilli l\u00f5puni tuli AK\u00dcle appi koost\u00f6\u00f6projekte ja s\u00fcndmusi korraldama ning AK\u00dc nime, pilti ja p\u00f5him\u00f5tteid tutvustama. Iti eesm\u00e4rk on, et kestliku arengu p\u00f5him\u00f5tteid j\u00e4rgitaks nii linnas kui maal, nii noorte kui vanade seas. Teades Iti tegutsemistahet ning -tuhinat, ei ole keegi headuse pealetungi eest kaitstud!<\/span><\/p>\n<div id=\"attachment_8381\" style=\"width: 571px\" class=\"wp-caption aligncenter\"><a href=\"http:\/\/www.terveilm.ee\/leht\/wp-content\/uploads\/2017\/10\/DSC04104-Edit.jpg\"><img loading=\"lazy\" decoding=\"async\" aria-describedby=\"caption-attachment-8381\" class=\"wp-image-8381\" src=\"http:\/\/www.terveilm.ee\/leht\/wp-content\/uploads\/2017\/10\/DSC04104-Edit-e1507630422244-1024x561.jpg\" alt=\"\" width=\"561\" height=\"307\" srcset=\"https:\/\/www.terveilm.ee\/leht\/wp-content\/uploads\/2017\/10\/DSC04104-Edit-e1507630422244-1024x561.jpg 1024w, https:\/\/www.terveilm.ee\/leht\/wp-content\/uploads\/2017\/10\/DSC04104-Edit-e1507630422244-300x164.jpg 300w, https:\/\/www.terveilm.ee\/leht\/wp-content\/uploads\/2017\/10\/DSC04104-Edit-e1507630422244-768x420.jpg 768w, https:\/\/www.terveilm.ee\/leht\/wp-content\/uploads\/2017\/10\/DSC04104-Edit-e1507630422244.jpg 2048w\" sizes=\"auto, (max-width: 561px) 100vw, 561px\" \/><\/a><p id=\"caption-attachment-8381\" class=\"wp-caption-text\">AK\u00dc naiskond: Agne, Katrin, Sigrid, Iti, Anni<\/p><\/div>\n<p><span style=\"font-weight: 400;\">Juba sel n\u00e4dalal, 11. oktoobril ootame huvilisi veetma \u00f5htut kestliku arengu teemadel. <\/span><a href=\"https:\/\/www.facebook.com\/events\/118201355532191\/\"><span style=\"font-weight: 400;\">EMSLi liikmeklubis<\/span><\/a><span style=\"font-weight: 400;\"> arutatakse, mida iga\u00fcks meist selles vallas teha saaks ja mida me k\u00f5ik koos maailma paremaks muutmiseks teha saaks. Kuu teises pooles, nimelt 25.-27. oktoober toimub Tallinnas Idapartnerlusriikide kodaniku\u00fchiskonna konverents. Eesti Idapartnerluse Keskus v\u00f5ttis kevadel teiste seas ka AK\u00dc kampa konverentsi sisu osas kaasa m\u00f5tlema. Oleme p\u00e4ris p\u00f5nevil, kuidas see idanaabrite organiseerunud kodaniku\u00fchiskonna aasta \u00fcks t\u00e4hts\u00fcndmustest v\u00e4lja kukub. <\/span><\/p>\n<p><strong>Oktoober m\u00f6\u00f6dub suuresti ka ringi r\u00e4ndamise t\u00e4he all:<\/strong><\/p>\n<ul>\n<li><span style=\"font-weight: 400;\">Katrin k\u00e4is eelmise n\u00e4dala esimestel p\u00e4evadel CONCORDi kommunikatsiooniinimestele suunatud koolitusel. Kas sotsiaalmeedia tegemisel on m\u00f5tet? Kuidas jutustada Harry Potteri tasemel fantastilist lugu kui teemaks on AidWatch ja arengukoost\u00f6\u00f6 rahastamine? Kas ODA v\u00f5ib olla sama lahe kui draakon? Kust leida kaasavaid arengukoost\u00f6\u00f6-teemalisi kogemuslugusid kui oled s\u00fcndinud keskklassi perekonda Tartus ja sul oli t\u00e4iesti tavaline lapsep\u00f5lv? K\u00fcsimusi m\u00f5neti rohkem kui vastuseid!\u00a0\u00a0<\/span><\/li>\n<li>Sigrid l\u00e4heb sel n\u00e4dalal Stockholmi, kus toimub selline veidi lohiseva nimega \u00fcritus nagu <i><span>Baltic Leadership Programme on Agenda 2030. <\/span><\/i><span>Kokku kogunevad toredad inimesed L\u00e4\u00e4nemere \u00fcmbert, kes k\u00f5ik kodus kestliku arengu teemade ja eriti Agenda 2030-ga tegelevad. Eestist on AK\u00dc k\u00f5rval kohal Eili Lepik Riigikantseleist. Eesm\u00e4rk on saada tugevamaks ja paremaks v\u00f5rgustiku ehitajaks just kestliku arengu eesm\u00e4rkide teemadel. Kaua v\u00f5ib oma nurgas nokitseda, tuleme keskp\u00f5randale kokku! <\/span><\/li>\n<li><span>Kuu teises pooles on Agnet ja Sigridit ees ootamas k\u00e4ik Br\u00fcsselisse, CONCORDi kestliku arengu eesm\u00e4rkide ja poliitikate sidususega tegeleva t\u00f6\u00f6grupi kohtumisele. Saame m\u00f5tteid, milliseid Euroopas kuumi arenguteemasid koju tuua ja kuidas enda h\u00e4\u00e4lt Euroopasse saata. Oktoobri reisigraafiku l\u00f5petab p\u00e4evane koolitus <\/span><i><span>Multiannual Financial Framework<\/span><\/i><span>\u2019i teemal. Mitmeaastane finantsraamistik, kas v\u00f5iks olla m\u00f5nd p\u00f5nevamat teemat? Arengukoost\u00f6\u00f6 maailmas samas \u00fclioluline, Euroopa Liit on nimelt valdkonna suurim rahastaja. Oht, et k\u00f5ik maailma vaeseimate heaoluks vajalikud vahendid suunatakse piiritarade ehitamisse ning s\u00f5jav\u00e4gede v\u00e4lja\u00f5ppeks on ikka p\u00e4ris terav!<\/span><\/li>\n<\/ul>\n<p><span style=\"font-weight: 400;\">Kuu suuruudis on aga see, et AK\u00dc esindajana sai Sigrid <\/span><a href=\"https:\/\/concordeurope.org\/\"><span style=\"font-weight: 400;\">CONCORDi<\/span><\/a><span style=\"font-weight: 400;\"> juhatuse liikmeks. CONCORD on Euroopa suurim arengukoost\u00f6\u00f6 katus, mis \u00fchendab katuseorganisatsioonide kaudu ligi 2600 vaba\u00fchendust \u2013 seal hulgas ka 33 AK\u00dc liiget \u2013 ja mida toetab miljoneid Euroopa elanikke. Uhke v\u00e4rk! CONCORDi juhatuses on Sigrid ainus n-\u00f6 uue liikmesriigi (EU13) esindaja. Idapartnerlus, digiteemad ja uute liikmesriikide mured ning r\u00f5\u00f5mud on valdkonnad, mille eest AK\u00dc k\u00f5rgel-kaugel Euroopas k\u00f5neleda saab. Palju \u00f5nne meile! <\/span><\/p>\n","protected":false},"excerpt":{"rendered":"<p>Aastas on vaid \u00fcks kuu, mil saab rahus \u00f6elda, et ega v\u00e4ga midagi teha olegi. See kuu on juuli, mil&#8230;<\/p>\n","protected":false},"author":32,"featured_media":8380,"comment_status":"open","ping_status":"open","sticky":false,"template":"","format":"standard","meta":{"_acf_changed":false,"footnotes":""},"categories":[7],"tags":[31,29],"class_list":["post-8379","post","type-post","status-publish","format-standard","has-post-thumbnail","hentry","category-uudised","tag-aku","tag-sundmused"],"acf":[],"_links":{"self":[{"href":"https:\/\/www.terveilm.ee\/leht\/wp-json\/wp\/v2\/posts\/8379","targetHints":{"allow":["GET"]}}],"collection":[{"href":"https:\/\/www.terveilm.ee\/leht\/wp-json\/wp\/v2\/posts"}],"about":[{"href":"https:\/\/www.terveilm.ee\/leht\/wp-json\/wp\/v2\/types\/post"}],"author":[{"embeddable":true,"href":"https:\/\/www.terveilm.ee\/leht\/wp-json\/wp\/v2\/users\/32"}],"replies":[{"embeddable":true,"href":"https:\/\/www.terveilm.ee\/leht\/wp-json\/wp\/v2\/comments?post=8379"}],"version-history":[{"count":1,"href":"https:\/\/www.terveilm.ee\/leht\/wp-json\/wp\/v2\/posts\/8379\/revisions"}],"predecessor-version":[{"id":8382,"href":"https:\/\/www.terveilm.ee\/leht\/wp-json\/wp\/v2\/posts\/8379\/revisions\/8382"}],"wp:featuredmedia":[{"embeddable":true,"href":"https:\/\/www.terveilm.ee\/leht\/wp-json\/wp\/v2\/media\/8380"}],"wp:attachment":[{"href":"https:\/\/www.terveilm.ee\/leht\/wp-json\/wp\/v2\/media?parent=8379"}],"wp:term":[{"taxonomy":"category","embeddable":true,"href":"https:\/\/www.terveilm.ee\/leht\/wp-json\/wp\/v2\/categories?post=8379"},{"taxonomy":"post_tag","embeddable":true,"href":"https:\/\/www.terveilm.ee\/leht\/wp-json\/wp\/v2\/tags?post=8379"}],"curies":[{"name":"wp","href":"https:\/\/api.w.org\/{rel}","templated":true}]}}