{"id":8383,"date":"2017-10-13T12:48:00","date_gmt":"2017-10-13T09:48:00","guid":{"rendered":"http:\/\/www.terveilm.ee\/leht\/?p=8383"},"modified":"2017-10-13T12:48:00","modified_gmt":"2017-10-13T09:48:00","slug":"aku-liikmete-eelinfo-16-20-oktoober","status":"publish","type":"post","link":"https:\/\/www.terveilm.ee\/leht\/blogi\/aku-liikmete-eelinfo-16-20-oktoober\/","title":{"rendered":"AK\u00dc liikmete eelinfo 16. &#8211; 20. oktoober"},"content":{"rendered":"<p><strong>Fenno-Ugria Asutus<\/strong><\/p>\n<p>Terve j\u00e4rgmise n\u00e4dala toimuvad H\u00f5imup\u00e4evad 2017. <a href=\"https:\/\/fennougria.ee\/events\/event\/hoimupaevad-2017-helijakeel-saami-2\" target=\"_blank\" rel=\"noopener\">Ava\u00fcritus &#8220;Kuni p\u00e4ike \u00e4rkab&#8221;<\/a> toimub p\u00fchap\u00e4eval, 15.10 kell 14 Viimsi Vaba\u00f5humuuseumis ja esmasp\u00e4eval, 16.10 kell 18 \u00dclenurme m\u00f5isakompleksis.<\/p>\n<p>Lisainfo: Fenno-Ugria Asutus, tel 644 5119, <a href=\"mailto:info@fennougria.ee\">info@fennougria.ee<\/a><\/p>\n<p><strong>Roheline Liikumine<\/strong><\/p>\n<p>Neljap\u00e4eval, 19. oktoobril toimub Tartu Loodusmajas Rohelise Tee \u00d5htu: <a href=\"http:\/\/www.facebook.com\/events\/150591315544687\" target=\"_blank\" rel=\"noopener\">&#8220;Toidulaua mitmekesisus ja sortide kadu: puhmasrukkist Jonagoldini&#8221;<\/a><\/p>\n<p>Seekordsel Rohelise Tee \u00d5htul saab kuulda, millist rolli m\u00e4ngivad erinevad sordid meie loodus- ja kultuurikeskkonnas ning kuidas globaliseerunud toidutootmine seda m\u00f5jutab. Kas oled m\u00e4rganud, et isegi s\u00fcgisel on keeruline poelettidelt leida eestimaist kaupa? Kuhu siis l\u00e4hevad k\u00f5ik need p\u00e4ris meie \u00f5unad ja kartulid?<\/p>\n<p>Lisainfo: Kai Allikas, <a href=\"mailto:kai@roheline.ee\">kai@roheline.ee<\/a><\/p>\n<p><em>Foto: Eesti Roheline Liikumine<\/em><\/p>\n","protected":false},"excerpt":{"rendered":"<p>Fenno-Ugria Asutus Terve j\u00e4rgmise n\u00e4dala toimuvad H\u00f5imup\u00e4evad 2017. Ava\u00fcritus &#8220;Kuni p\u00e4ike \u00e4rkab&#8221; toimub p\u00fchap\u00e4eval, 15.10 kell 14 Viimsi Vaba\u00f5humuuseumis ja&#8230;<\/p>\n","protected":false},"author":32,"featured_media":8384,"comment_status":"open","ping_status":"open","sticky":false,"template":"","format":"standard","meta":{"_acf_changed":false,"footnotes":""},"categories":[7],"tags":[31],"class_list":["post-8383","post","type-post","status-publish","format-standard","has-post-thumbnail","hentry","category-uudised","tag-aku"],"acf":[],"_links":{"self":[{"href":"https:\/\/www.terveilm.ee\/leht\/wp-json\/wp\/v2\/posts\/8383","targetHints":{"allow":["GET"]}}],"collection":[{"href":"https:\/\/www.terveilm.ee\/leht\/wp-json\/wp\/v2\/posts"}],"about":[{"href":"https:\/\/www.terveilm.ee\/leht\/wp-json\/wp\/v2\/types\/post"}],"author":[{"embeddable":true,"href":"https:\/\/www.terveilm.ee\/leht\/wp-json\/wp\/v2\/users\/32"}],"replies":[{"embeddable":true,"href":"https:\/\/www.terveilm.ee\/leht\/wp-json\/wp\/v2\/comments?post=8383"}],"version-history":[{"count":1,"href":"https:\/\/www.terveilm.ee\/leht\/wp-json\/wp\/v2\/posts\/8383\/revisions"}],"predecessor-version":[{"id":8385,"href":"https:\/\/www.terveilm.ee\/leht\/wp-json\/wp\/v2\/posts\/8383\/revisions\/8385"}],"wp:featuredmedia":[{"embeddable":true,"href":"https:\/\/www.terveilm.ee\/leht\/wp-json\/wp\/v2\/media\/8384"}],"wp:attachment":[{"href":"https:\/\/www.terveilm.ee\/leht\/wp-json\/wp\/v2\/media?parent=8383"}],"wp:term":[{"taxonomy":"category","embeddable":true,"href":"https:\/\/www.terveilm.ee\/leht\/wp-json\/wp\/v2\/categories?post=8383"},{"taxonomy":"post_tag","embeddable":true,"href":"https:\/\/www.terveilm.ee\/leht\/wp-json\/wp\/v2\/tags?post=8383"}],"curies":[{"name":"wp","href":"https:\/\/api.w.org\/{rel}","templated":true}]}}