{"id":8396,"date":"2017-10-27T12:13:44","date_gmt":"2017-10-27T09:13:44","guid":{"rendered":"http:\/\/www.terveilm.ee\/leht\/?p=8396"},"modified":"2018-06-05T14:17:00","modified_gmt":"2018-06-05T11:17:00","slug":"storytelling-koolitus-aku-liikmetele","status":"publish","type":"post","link":"https:\/\/www.terveilm.ee\/leht\/blogi\/storytelling-koolitus-aku-liikmetele\/","title":{"rendered":"Storytelling koolitus AK\u00dc liikmetele"},"content":{"rendered":"<p><strong>Euroopa katusorganisatsioon CONCORD korraldas oktoobri alguses v\u00e4ga hea\u00a0<em>Storytelling<\/em> koolituse, kuidas kasutada lugusid ja \u201ckangelase teekonda\u201d kestlikust arengust ja arengukoost\u00f6\u00f6st r\u00e4\u00e4kimises. Lugude jutustamine aitab r\u00e4\u00e4kida enda valdkonnast lihtsalt ja arusaadavalt, \u00fcksk\u00f5ik mida me teeme \u2013 korraldame kampaaniat, l\u00fckkame \u00fcmber m\u00fc\u00fcte, kirjutame rahastajale projekti v\u00f5i selgitame m\u00f5ne seaduse vajalikkust.<\/strong><\/p>\n<p>Hakkasime l\u00e4bir\u00e4\u00e4kimisi pidama, et ehk saaks koolitaja Bobby McCormac Eestisse tulla ja see \u00f5nnestuski! Bobby Iiri vaba\u00fchenduse <a href=\"http:\/\/www.developmentperspectives.ie\/\" target=\"_blank\" rel=\"noopener\">Development Perspectives <\/a>direktor ja arengukoost\u00f6\u00f6 ning kestliku arengu valdkonnas aastaid t\u00f6\u00f6tanud. See annab talle v\u00e4ga olulise lisav\u00e4\u00e4rtuse, ta ei r\u00e4\u00e4gi lihtsalt lugudest kommunikatsioonis, vaid oskab meie valdkonnast n\u00e4iteid tuua ja m\u00f5tleb kaasa.<\/p>\n<p>Koolitusele on veel paar vaba kohta, <a href=\"https:\/\/docs.google.com\/forms\/d\/e\/1FAIpQLSezeMaIktKS45_clkmTuxoyIvKoobHBqQDDpHE4zCX6t54Srg\/viewform?usp=sf_link\" target=\"_blank\" rel=\"noopener\">registreeruda saab siin<\/a>.<\/p>\n<p><strong>NB!\u00a0K\u00f5iki registreerunuid ootame panustama terveks p\u00e4evaks.<\/strong> Kui me selle hea koolitaja juba Eestisse toome, siis tahaks, et osalejad saaksid p\u00e4evast maksimumi \ud83d\ude42 Kuigi koolitus on osalejatele tasuta, on selle korraldamine kokkuv\u00f5ttes p\u00e4ris kallis. Kui kellelgi juhtub, et ei saa tulla, palun andke sellest kohe teada katrin@terveilm.ee.<\/p>\n<p><strong>3. novembri koolituse ajakava:<\/strong><\/p>\n<p>8.30 &#8211; 9.00 kogunemine, hommikukohv<\/p>\n<p>9.00 &#8211; 13.00 esimene sessioon, t\u00f6\u00f6r\u00fchmad ja p\u00f5nevad lood. Vahepeal teeme pausi.<\/p>\n<p>13.00 &#8211; 14.00 l\u00f5unas\u00f6\u00f6k EPIKojas<\/p>\n<p>14.00 &#8211; 17.00 &#8211; teine sessioon, t\u00f6\u00f6r\u00fchmad ja lood l\u00e4hevad j\u00e4rjest p\u00f5nevamaks. Kui v\u00e4sime, teeme veel \u00fche pausi.<\/p>\n<p>Koolitus toimub<a href=\"http:\/\/www.epikoda.ee\/kontakt\/asukoht\/\" target=\"_blank\" rel=\"noopener\"> Eesti Puuetega Inimeste<\/a> kojas, Toompuiestee 10. Hoovis on v\u00f5imalik tasuta parkida.<\/p>\n<p>Koolitust rahastav Euroopa Komisjon. Ait\u00e4h!<br \/>\n<img loading=\"lazy\" decoding=\"async\" class=\"wp-image-9567 alignnone\" src=\"http:\/\/www.terveilm.ee\/leht\/wp-content\/uploads\/2017\/08\/EL-logo-300x200.jpg\" alt=\"\" width=\"176\" height=\"117\" srcset=\"https:\/\/www.terveilm.ee\/leht\/wp-content\/uploads\/2017\/08\/EL-logo-300x200.jpg 300w, https:\/\/www.terveilm.ee\/leht\/wp-content\/uploads\/2017\/08\/EL-logo-768x512.jpg 768w, https:\/\/www.terveilm.ee\/leht\/wp-content\/uploads\/2017\/08\/EL-logo-1024x683.jpg 1024w\" sizes=\"auto, (max-width: 176px) 100vw, 176px\" \/><\/p>\n<p>&nbsp;<\/p>\n<p>&nbsp;<\/p>\n","protected":false},"excerpt":{"rendered":"<p>Euroopa katusorganisatsioon CONCORD korraldas oktoobri alguses v\u00e4ga hea\u00a0Storytelling koolituse, kuidas kasutada lugusid ja \u201ckangelase teekonda\u201d kestlikust arengust ja arengukoost\u00f6\u00f6st r\u00e4\u00e4kimises&#8230;.<\/p>\n","protected":false},"author":32,"featured_media":8397,"comment_status":"open","ping_status":"open","sticky":false,"template":"","format":"standard","meta":{"_acf_changed":false,"footnotes":""},"categories":[7],"tags":[31,29],"class_list":["post-8396","post","type-post","status-publish","format-standard","has-post-thumbnail","hentry","category-uudised","tag-aku","tag-sundmused"],"acf":[],"_links":{"self":[{"href":"https:\/\/www.terveilm.ee\/leht\/wp-json\/wp\/v2\/posts\/8396","targetHints":{"allow":["GET"]}}],"collection":[{"href":"https:\/\/www.terveilm.ee\/leht\/wp-json\/wp\/v2\/posts"}],"about":[{"href":"https:\/\/www.terveilm.ee\/leht\/wp-json\/wp\/v2\/types\/post"}],"author":[{"embeddable":true,"href":"https:\/\/www.terveilm.ee\/leht\/wp-json\/wp\/v2\/users\/32"}],"replies":[{"embeddable":true,"href":"https:\/\/www.terveilm.ee\/leht\/wp-json\/wp\/v2\/comments?post=8396"}],"version-history":[{"count":5,"href":"https:\/\/www.terveilm.ee\/leht\/wp-json\/wp\/v2\/posts\/8396\/revisions"}],"predecessor-version":[{"id":9570,"href":"https:\/\/www.terveilm.ee\/leht\/wp-json\/wp\/v2\/posts\/8396\/revisions\/9570"}],"wp:featuredmedia":[{"embeddable":true,"href":"https:\/\/www.terveilm.ee\/leht\/wp-json\/wp\/v2\/media\/8397"}],"wp:attachment":[{"href":"https:\/\/www.terveilm.ee\/leht\/wp-json\/wp\/v2\/media?parent=8396"}],"wp:term":[{"taxonomy":"category","embeddable":true,"href":"https:\/\/www.terveilm.ee\/leht\/wp-json\/wp\/v2\/categories?post=8396"},{"taxonomy":"post_tag","embeddable":true,"href":"https:\/\/www.terveilm.ee\/leht\/wp-json\/wp\/v2\/tags?post=8396"}],"curies":[{"name":"wp","href":"https:\/\/api.w.org\/{rel}","templated":true}]}}