{"id":8521,"date":"2017-11-24T12:30:57","date_gmt":"2017-11-24T10:30:57","guid":{"rendered":"http:\/\/www.terveilm.ee\/leht\/?p=8521"},"modified":"2017-11-24T12:42:11","modified_gmt":"2017-11-24T10:42:11","slug":"aku-aasta-lopus","status":"publish","type":"post","link":"https:\/\/www.terveilm.ee\/leht\/blogi\/aku-aasta-lopus\/","title":{"rendered":"AK\u00dc aasta l\u00f5pus"},"content":{"rendered":"<p><span style=\"font-weight: 400;\"><strong>Pimedatel talvekuudel kanname helkurit, j\u00e4\u00e4me ellu, ja unistame \u00f5iglasemast maailmast ja tegutseme mitmel suunal korraga, et see reaalsuseks saaks.<\/strong><\/span><\/p>\n<h2><strong>Detsembri plaanid<\/strong><\/h2>\n<p><strong>Tallinnast kaugemale<\/strong><\/p>\n<p>Iti ja Agne vaatavad aasta l\u00f5puni j\u00e4\u00e4nud ajal \u00fcha enam Tallinnast ja Tartust v\u00e4ljapoole, n\u00e4iteks V\u00f5ru ning Otep\u00e4\u00e4 suunas. Tahame AK\u00dcga v\u00e4ga teada, mida v\u00e4iksemate kohtade elanikud kestlikkusest arvavad ja millisena oma rolli ning v\u00f5imalusi n\u00e4evad. Meie igal juhul usume, et j\u00e4tkusuutlik ja \u00f5iglane, teistmoodi ning inimlik Eesti ning parem maailm saavad alguse just kohalikest kogukondadest. Mida teie arvate?<\/p>\n<p><strong>Tule koalitsiooni!<\/strong><\/p>\n<p>Teine oluline tegemine, mille suure \u00f5hinaga ette oleme v\u00f5tnud ja milles \u00fcha enam r\u00f5\u00f5mu leiame, on meie koalitsiooni-m\u00f5te. Nimelt tahame koos teiste vaba\u00fchenduste ja eraettev\u00f5tetega \u00fchiselt h\u00e4\u00e4lt tehes ja tegutsedes hoolivama ja planeedist teadlikuma Eestini j\u00f5uda. Tundub p\u00f5nev, tahaksid rohkem teada ja kampa tulla? Kirjuta Agnele: <a href=\"mailto:agne@terveilm.ee\">agne@terveilm.ee<\/a>.<\/p>\n<p><strong>Sigrid CONCORDi juhatuses<\/strong><\/p>\n<p>Sigrid s\u00f5idab sel lenduderohkel s\u00fcgisel viimast korda Br\u00fcsselisse \u2013 28. novembril on seal CONCORDi juhatuse koosolek. \u00dclej\u00e4\u00e4nud aja k\u00fcsivad endale kestliku arengu eesm\u00e4rkide indikaatorid, mida Riigikantselei, SAK ja Statistikaamet kokku panevad, lisaks j\u00e4rgmise aasta projekti ette valmistamine, taotlused ja planeerimised, sekka konverentsid, kohtumised ja muud toredat.<\/p>\n<h2><strong>Teavitus ja algatused<\/strong><\/h2>\n<p><strong>V\u00e4lkpoed Tartus ja Rakveres<\/strong><\/p>\n<p><span style=\"font-weight: 400;\">Detsember toob lisaks j\u00f5ulupidude lainele kaasa kaks v\u00e4lkpoodi \u2013 <a href=\"https:\/\/www.facebook.com\/events\/2033253303560875\/\" target=\"_blank\" rel=\"noopener\">2.-3. detsembril<\/a> oleme taas Tartu L\u00f5unakeskuses, <a href=\"https:\/\/www.facebook.com\/events\/359891617769888\/\" target=\"_blank\" rel=\"noopener\">7. detsembril<\/a> Rakvere P\u00f5hjakeskuses. Pakume j\u00f5ulukingiks AK\u00dc liikmete heategevuskinke, tantsu, tralli, virtuaalreaalsust ja lugusid kaugetelt maadelt saab ka. Pane kalendrisse kirja!<a href=\"http:\/\/www.terveilm.ee\/leht\/wp-content\/uploads\/2017\/11\/v2lkpood-tartus.jpg\"><img loading=\"lazy\" decoding=\"async\" class=\"wp-image-8522 aligncenter\" src=\"http:\/\/www.terveilm.ee\/leht\/wp-content\/uploads\/2017\/11\/v2lkpood-tartus-1024x578.jpg\" alt=\"\" width=\"325\" height=\"185\" srcset=\"https:\/\/www.terveilm.ee\/leht\/wp-content\/uploads\/2017\/11\/v2lkpood-tartus-768x434.jpg 768w, https:\/\/www.terveilm.ee\/leht\/wp-content\/uploads\/2017\/11\/v2lkpood-tartus-990x566.jpg 990w, https:\/\/www.terveilm.ee\/leht\/wp-content\/uploads\/2017\/11\/v2lkpood-tartus.jpg 1280w\" sizes=\"auto, (max-width: 325px) 100vw, 325px\" \/><\/a><\/span><\/p>\n<p><strong>Kingi targalt!<\/strong><\/p>\n<p>Katrin vuhistab teha <a href=\"http:\/\/www.terveilm.ee\/kingitargalt\/\" target=\"_blank\" rel=\"noopener\">Kingi Targalt<\/a> j\u00f5ulukampaaniat, et aidata meil k\u00f5igil ostuhullust ohjeldada ja sellest vabanenud aega nautida. Kui v\u00e4hegi sama usud, osale meie <a href=\"https:\/\/www.facebook.com\/events\/134642077239525\/\" target=\"_blank\" rel=\"noopener\">FB s\u00fcndmusel<\/a>\u00a0ja aita s\u00f5na levitada! Lisaks otsime kodumaiseid ja s\u00fcdamega kinke valmistavaid tootjaid, nendest saab teada <a href=\"http:\/\/www.terveilm.ee\/leht\/kingitargalt\/kingiideed\/\" target=\"_blank\" rel=\"noopener\">anda siin<\/a>.<\/p>\n<p><strong>GLEN vabatahtlikud<\/strong><\/p>\n<p><span style=\"font-weight: 400;\">Lisaks on j\u00e4rjest koju tagasi j\u00f5udnud 2017. aasta GLEN vabatahtlikud, kelle seiklusrikkaid ja m\u00f5tlemapanevaid lugusid sai seni lugeda <\/span><a href=\"http:\/\/www.terveilm.ee\/glen\/\"><span style=\"font-weight: 400;\">blogide vahendusel<\/span><\/a><span style=\"font-weight: 400;\">. P\u00fcsige lainel, GLENid on varsti veel rohkem eetris ja ajakirjas ja t\u00e4naval ja tantsusaalides. Maailmamuutjad ei maga. <\/span><\/p>\n<p><strong>AK\u00dc liikmete teavitused<\/strong><\/p>\n<p><span style=\"font-weight: 400;\">Tegusad on ka AK\u00dc liikmed, kelle seast seitse \u00fchendust viib sel talvel ellu uutmoodi algatusi. Ikka selleks, et s\u00f5numid kaugemale ja k\u00f5rgemale lendaksid. Feministeerium\u00a0<\/span><a href=\"http:\/\/feministeerium.ee\/3-asja-mis-aitavad-okofeministil-paevad-ule-elada\/\"><span style=\"font-weight: 400;\">aitab \u00f6kofeministil p\u00e4evi \u00fcle elada<\/span><\/a><span style=\"font-weight: 400;\">, ENUT arutleb kestliku arengu eesm\u00e4rkide teemal algkoolide mudilastega ning Eesti Roheline Liikumine toob koju k\u00e4tte p\u00f5levkivi kaevandamise ja p\u00f5letamisega seotud <\/span><a href=\"https:\/\/www.facebook.com\/Eesti-lood-keskkonnamuutustest-571213296602910\/\"><span style=\"font-weight: 400;\">lood ja pildid Ida-Virumaalt<\/span><\/a><span style=\"font-weight: 400;\">. \u00a0<\/span><\/p>\n<h2>Mis me novembris tegime?<\/h2>\n<p><strong>Lugude jutustamise koolitus AK\u00dc liikmetele<\/strong><\/p>\n<div id=\"attachment_8524\" style=\"width: 281px\" class=\"wp-caption alignright\"><a href=\"http:\/\/www.terveilm.ee\/leht\/wp-content\/uploads\/2017\/11\/CONCORDi-president-Johannes-ja-juhatuse-liige-Laura-on-p\u00f5hjamaa-pimeduseks-valmis.jpg\"><img loading=\"lazy\" decoding=\"async\" aria-describedby=\"caption-attachment-8524\" class=\"wp-image-8524\" src=\"http:\/\/www.terveilm.ee\/leht\/wp-content\/uploads\/2017\/11\/CONCORDi-president-Johannes-ja-juhatuse-liige-Laura-on-p\u00f5hjamaa-pimeduseks-valmis.jpg\" alt=\"\" width=\"271\" height=\"361\" srcset=\"https:\/\/www.terveilm.ee\/leht\/wp-content\/uploads\/2017\/11\/CONCORDi-president-Johannes-ja-juhatuse-liige-Laura-on-p\u00f5hjamaa-pimeduseks-valmis.jpg 720w, https:\/\/www.terveilm.ee\/leht\/wp-content\/uploads\/2017\/11\/CONCORDi-president-Johannes-ja-juhatuse-liige-Laura-on-p\u00f5hjamaa-pimeduseks-valmis-225x300.jpg 225w\" sizes=\"auto, (max-width: 271px) 100vw, 271px\" \/><\/a><p id=\"caption-attachment-8524\" class=\"wp-caption-text\">CONCORDi president Johannes ja juhatuse liige Laura on p\u00f5hjamaa pimeduseks valmis.<\/p><\/div>\n<p>November on meie jaoks seni m\u00f6\u00f6dunud tegusalt ja rahvusvaheliselt, korraldasime pea iga n\u00e4dal m\u00f5ne suurema v\u00f5i v\u00e4iksema s\u00fcndmuse. Kuu esimene n\u00e4dalavahetus t\u00f5i Eestisse Bobby McCormack\u2019i Iiri organisatsioonist <a href=\"http:\/\/www.developmentperspectives.ie\/\" target=\"_blank\" rel=\"noopener\">Development Perspectives<\/a>. Bobby aitas AK\u00dc liikmeskonna jutuvestjaid sammukese l\u00e4hemale K\u00e4\u00e4biku-v\u00e4\u00e4riliste lugude leidmisele.<\/p>\n<p><strong>CONCORD kampaaniate koolitus<\/strong><\/p>\n<p>Novembri teine n\u00e4dal t\u00f5i Eestisse CONCORDi Learning and Exchange Forum\u2019i koos ligi 60 osalejaga ja kahe v\u00e4ga v\u00e4rskendava esinejaga. Oma lugusid ja arvamusi jagasid El Salvadori kodanikuaktivist Marta Benavides ning endine Oxfami kampaaniajuht Martin Kirk, kes t\u00e4naseks veab sellist liikumist nagu <a href=\"http:\/\/blog.therules.org\/about\/\">The Rules<\/a>. Kohal olid k\u00f5ikide Euroopa AK\u00dc-sarnaste organisatsioonide esindajad, sekka veel teisi CONCORDi liikmeid.<\/p>\n<p><strong>GLEN v\u00f5rgustiku kohtumine<\/strong><\/p>\n<p>Novembri kolmandal n\u00e4dalal tervitas Tallinn GLEN v\u00f5rgustiku koordinaatorite kohtumist \u2013 veidi v\u00e4iksem, ent veelgi intensiivsemalt t\u00f6ine koosviibimine. K\u00f5ige selle korraldamise peale teab AK\u00dc meeskond t\u00e4pselt, millised Tallinna seminariruumid on ratastooliga ligip\u00e4\u00e4setavad, kust hankida parimaid vegan l\u00f5unas\u00f6\u00f6ke, milline tr\u00fckikoda tr\u00fckib k\u00f5ige kiiremini ja kuidas juhatada hulk v\u00e4lismaalasi punktist A punkti B. Eestistumise periood on pakkunud meile mitu head v\u00f5imalust Eestit meie Euroopa kolleegidele tutvustada. K\u00f5ik on rahule j\u00e4\u00e4nud.<\/p>\n<p><span style=\"font-weight: 400;\">Igav meie juures ei ole, niisama tiksuda ka ei saa. Tegemise lusti ja p\u00fchader\u00f5\u00f5mu on seevastu k\u00fcllaga. <\/span><\/p>\n","protected":false},"excerpt":{"rendered":"<p>Pimedatel talvekuudel kanname helkurit, j\u00e4\u00e4me ellu, ja unistame \u00f5iglasemast maailmast ja tegutseme mitmel suunal korraga, et see reaalsuseks saaks. Detsembri&#8230;<\/p>\n","protected":false},"author":32,"featured_media":8523,"comment_status":"open","ping_status":"open","sticky":false,"template":"","format":"standard","meta":{"_acf_changed":false,"footnotes":""},"categories":[7],"tags":[31,30,29,27],"class_list":["post-8521","post","type-post","status-publish","format-standard","has-post-thumbnail","hentry","category-uudised","tag-aku","tag-kestliku-arengu-koalitsioon-sdg","tag-sundmused","tag-vabatahtlikud"],"acf":[],"_links":{"self":[{"href":"https:\/\/www.terveilm.ee\/leht\/wp-json\/wp\/v2\/posts\/8521","targetHints":{"allow":["GET"]}}],"collection":[{"href":"https:\/\/www.terveilm.ee\/leht\/wp-json\/wp\/v2\/posts"}],"about":[{"href":"https:\/\/www.terveilm.ee\/leht\/wp-json\/wp\/v2\/types\/post"}],"author":[{"embeddable":true,"href":"https:\/\/www.terveilm.ee\/leht\/wp-json\/wp\/v2\/users\/32"}],"replies":[{"embeddable":true,"href":"https:\/\/www.terveilm.ee\/leht\/wp-json\/wp\/v2\/comments?post=8521"}],"version-history":[{"count":5,"href":"https:\/\/www.terveilm.ee\/leht\/wp-json\/wp\/v2\/posts\/8521\/revisions"}],"predecessor-version":[{"id":8530,"href":"https:\/\/www.terveilm.ee\/leht\/wp-json\/wp\/v2\/posts\/8521\/revisions\/8530"}],"wp:featuredmedia":[{"embeddable":true,"href":"https:\/\/www.terveilm.ee\/leht\/wp-json\/wp\/v2\/media\/8523"}],"wp:attachment":[{"href":"https:\/\/www.terveilm.ee\/leht\/wp-json\/wp\/v2\/media?parent=8521"}],"wp:term":[{"taxonomy":"category","embeddable":true,"href":"https:\/\/www.terveilm.ee\/leht\/wp-json\/wp\/v2\/categories?post=8521"},{"taxonomy":"post_tag","embeddable":true,"href":"https:\/\/www.terveilm.ee\/leht\/wp-json\/wp\/v2\/tags?post=8521"}],"curies":[{"name":"wp","href":"https:\/\/api.w.org\/{rel}","templated":true}]}}