{"id":8666,"date":"2018-01-11T10:25:45","date_gmt":"2018-01-11T08:25:45","guid":{"rendered":"http:\/\/www.terveilm.ee\/leht\/?p=8666"},"modified":"2018-01-11T10:52:11","modified_gmt":"2018-01-11T08:52:11","slug":"aku-jaanuaris","status":"publish","type":"post","link":"https:\/\/www.terveilm.ee\/leht\/blogi\/aku-jaanuaris\/","title":{"rendered":"AK\u00dc jaanuaris"},"content":{"rendered":"<p><strong>AK\u00dcl on jaanuaris hea meel tervitada enda ridades uut huvikaitsespetsialisti Karl Oskar Villsaart. V\u00e4rskelt eesistumise vankrilt maha h\u00fcpanud Karl Oskaril on taskus arengukoost\u00f6\u00f6 alased teadmised Eesti esindusest Br\u00fcsselis ning AK\u00dcs asub ta meilt pikemale puhkusele siirdunud Anni asemele.<\/strong><\/p>\n<p>Fookusteemaks on Karl Oskaril eelk\u00f5ige poliitikate sidusus. Sest AK\u00dcle ei meeldi kui iga arenguriiki saadetud arengukoost\u00f6\u00f6 dollari kohta sealt samast tegelikult 10$ maksudega nihverdades v\u00e4lja kanditakse. V\u00f5i kui Euroopa riigid \u00fchest k\u00fcljest kutsuvad \u00fcles Jeemeni humanitaarkriisi lahendama, ent teisest k\u00fcljest m\u00fc\u00fcvad Jeemenit pitsitavale Saudi-Araabiale relvi. V\u00f5i kui siin kodus \u00fctleme, et me ju tegelikult enam ei kasuta elektri tootmiseks nii palju p\u00f5levkivi kui vanasti \u2013 taastuvenergia, k\u00f5ik on h\u00e4sti \u2013\u00a0 ent tegelikult kaevandame sama palju v\u00f5i rohkemgi, sest p\u00f5levkivi\u00f5lil on Euroopast kaugemal \u00fcsna hea n\u00f5udlus.<\/p>\n<p>Hariduselt meedia taustaga, peab Karl Oskar oluliseks avatust ja n\u00e4htavust, millega j\u00f5uda rohkemate inimesteni, ja mis k\u00f5ige t\u00e4htsam, panna neid kaasa m\u00f5tlema meid \u00fchendavatel teemadel.\u00a0\u201cSoovin aktiivselt panustada arengukoost\u00f6\u00f6d m\u00f5jutavate poliitikate sidususe hindamisse kui ka nende \u00fchtlustamise vajaduse teadustamisse k\u00f5igil tasandidel. Vaid teadlik ja strateegiline tegutsemine loovad positiivse muutuse.&#8221;<\/p>\n<p><strong>V\u00e4ikesed kogukonnad suures maailmas!<\/strong><\/p>\n<p>K\u00f5ige tegusam on see kuu ilmselt Agnele ja Itile, kes j\u00f5uavad l\u00e4hin\u00e4dalail nii <a href=\"http:\/\/www.terveilm.ee\/leht\/blogi\/vaikesed-eesti-kogukonnad-suure-maailma-sees\/\" target=\"_blank\" rel=\"noopener\">V\u00f5rumaale<\/a> kui <a href=\"http:\/\/www.terveilm.ee\/leht\/blogi\/vaikesed-eesti-kogukonnad-suure-maailma-sees-ida-virumaa\/\" target=\"_blank\" rel=\"noopener\">Virumaale<\/a>, uudistama v\u00e4ikeseid kogukondi suure maailma sees. Me usume, et maailm algab kodust ning kestliku arengu eesm\u00e4rke pole v\u00f5imalik saavutada ilma Eesti kogukondade, k\u00fclade-valdade-linnade panuseta.<\/p>\n<p><strong>EL projektid<\/strong><\/p>\n<p>AK\u00dc on jaanuarist partner kahes suures Euroopa Komisjoni rahastatud konsortsiumprojektis. K\u00f5ik, kes kunagi on projektimaailma nuusutanud, teavad h\u00e4sti, et alguses on see ikka \u00fcsna segane. Keegi ei saa v\u00e4ga h\u00e4sti aru, kuidas need 15 v\u00f5i \u00fchel juhul lausa 27 riiki omavahel suhtlema peaks, kes mida teeb, kellel on milline t\u00f6\u00f6kultuur jne. Kultuuridevaheliste erinevuste nautimiseks ei pea minema Euroopast kaugele, piisab l\u00e4tlaste ja soomlastega koos projekti tegemisest. Igal juhul m\u00f6\u00f6dub aasta algus Agne ja Sigridi jaoks idaeurooplastega skaipides ning Helsingis soomlaste juhtimisel projekti k\u00e4ima l\u00fckates.<\/p>\n<p><strong>S\u00e4\u00e4stliku eluviisi t\u00f6\u00f6toad ja roosa pr\u00fcgi p\u00e4ev<\/strong><\/p>\n<p>Katrin taastub jaanuaris edukast j\u00f5ulukampaaniast. Kes ei m\u00e4leta \u2013 utsitasime k\u00f5iki targalt kinkima. Kuigi j\u00f5uludeni on n\u00fc\u00fcd j\u00e4lle hulk aega, v\u00f5ib vahepeal targalt kinkida ka n\u00e4iteks s\u00fcnnip\u00e4evadel v\u00f5i s\u00f5brap\u00e4eval (tuntud ka kui roosa pr\u00fcgi p\u00e4ev). Ent kuna vaba\u00fchendustes niisama ei pikutata, k\u00e4ib taastumine k\u00e4sik\u00e4es korraldamisega. Kommunikeerida rohkem kui k\u00fcll, lisaks korraldab Katrin AK\u00dcs toredat <a href=\"http:\/\/www.terveilm.ee\/leht\/blogi\/s22stva-eluviisi-tootoad-tallinnas\/\" target=\"_blank\" rel=\"noopener\">s\u00e4\u00e4stliku eluviisi teemasid<\/a> k\u00e4sitlevat \u00fcritustesarja. Kuu l\u00f5pus aga l\u00e4heb Katrin koos Itiga kooli. Ent sel korral veidi pahupidi reaalsuses \u2013 nimelt oodatakse AK\u00dct jagama koolides igap\u00e4evaselt t\u00f6\u00f6tavatele \u00f5petajatele m\u00f5tteid sellest, kuidas s\u00e4\u00e4stvast arengust r\u00e4\u00e4kida\u00a0igas \u00f5ppeaines.<\/p>\n<p><strong>Koalitsiooni kestliku arengu heaks<\/strong><\/p>\n<p>Jaanuaris teeme k\u00f5vasti t\u00f6\u00f6d selle nimel, et juba veebruaris s\u00fcnniks m\u00f5jukas ja tegus koalitsioon, mis hakkaks ajama kestliku Eesti asja. Et nii meil endal kui ja j\u00e4rgmisel p\u00f5lvedel oleks v\u00f5imalus elada t\u00e4isv\u00e4\u00e4rtuslikku elu puhtas ja turvalises keskkonnas.<\/p>\n<p>&#8212;<\/p>\n<p>\u00dchel toredal p\u00e4eval jaanuaris paneb AK\u00dc kollektiiv aga kontoriukse kinni ja l\u00e4heb linnast v\u00e4lja meeskonnap\u00e4eva pidama. Heade m\u00f5tete kogumiseks ning hullude ideede realiseerimiseks tuleb ikka keskkonda vahetada.<\/p>\n<p>&nbsp;<\/p>\n<p>&nbsp;<\/p>\n","protected":false},"excerpt":{"rendered":"<p>AK\u00dcl on jaanuaris hea meel tervitada enda ridades uut huvikaitsespetsialisti Karl Oskar Villsaart. V\u00e4rskelt eesistumise vankrilt maha h\u00fcpanud Karl Oskaril&#8230;<\/p>\n","protected":false},"author":32,"featured_media":8667,"comment_status":"open","ping_status":"open","sticky":false,"template":"","format":"standard","meta":{"_acf_changed":false,"footnotes":""},"categories":[7],"tags":[31,30,28,29,24],"class_list":["post-8666","post","type-post","status-publish","format-standard","has-post-thumbnail","hentry","category-uudised","tag-aku","tag-kestliku-arengu-koalitsioon-sdg","tag-poliitikate-sidusus","tag-sundmused","tag-tarbimine"],"acf":[],"_links":{"self":[{"href":"https:\/\/www.terveilm.ee\/leht\/wp-json\/wp\/v2\/posts\/8666","targetHints":{"allow":["GET"]}}],"collection":[{"href":"https:\/\/www.terveilm.ee\/leht\/wp-json\/wp\/v2\/posts"}],"about":[{"href":"https:\/\/www.terveilm.ee\/leht\/wp-json\/wp\/v2\/types\/post"}],"author":[{"embeddable":true,"href":"https:\/\/www.terveilm.ee\/leht\/wp-json\/wp\/v2\/users\/32"}],"replies":[{"embeddable":true,"href":"https:\/\/www.terveilm.ee\/leht\/wp-json\/wp\/v2\/comments?post=8666"}],"version-history":[{"count":5,"href":"https:\/\/www.terveilm.ee\/leht\/wp-json\/wp\/v2\/posts\/8666\/revisions"}],"predecessor-version":[{"id":8674,"href":"https:\/\/www.terveilm.ee\/leht\/wp-json\/wp\/v2\/posts\/8666\/revisions\/8674"}],"wp:featuredmedia":[{"embeddable":true,"href":"https:\/\/www.terveilm.ee\/leht\/wp-json\/wp\/v2\/media\/8667"}],"wp:attachment":[{"href":"https:\/\/www.terveilm.ee\/leht\/wp-json\/wp\/v2\/media?parent=8666"}],"wp:term":[{"taxonomy":"category","embeddable":true,"href":"https:\/\/www.terveilm.ee\/leht\/wp-json\/wp\/v2\/categories?post=8666"},{"taxonomy":"post_tag","embeddable":true,"href":"https:\/\/www.terveilm.ee\/leht\/wp-json\/wp\/v2\/tags?post=8666"}],"curies":[{"name":"wp","href":"https:\/\/api.w.org\/{rel}","templated":true}]}}