{"id":8715,"date":"2018-02-02T11:11:28","date_gmt":"2018-02-02T09:11:28","guid":{"rendered":"http:\/\/www.terveilm.ee\/leht\/?p=8715"},"modified":"2018-02-05T12:15:01","modified_gmt":"2018-02-05T10:15:01","slug":"vaikesed-eesti-kogukonnad-suure-maailma-sees-parnumaa","status":"publish","type":"post","link":"https:\/\/www.terveilm.ee\/leht\/blogi\/vaikesed-eesti-kogukonnad-suure-maailma-sees-parnumaa\/","title":{"rendered":"V\u00e4ikesed Eesti kogukonnad suure maailma sees &#8211; P\u00e4rnumaa!"},"content":{"rendered":"<p><strong>Ootame P\u00e4rnumaa aktiivseid ja oma kogukonna heaolule m\u00f5tlevaid inimesi 14. veebruaril Maarja-Magdaleena Gildi, et koos m\u00f5elda, mis on maailma kestlik areng ning kuidas see iga\u00fcht meist puudutab. P\u00e4rnumaa v\u00f5rratu loodus \u00fchelt poolt ning t\u00f6\u00f6stus teiselt poolt. Kuidas teha nii, et ka tulevastele p\u00f5lvedel oleks P\u00e4rnumaal hea elada ning mis on meie iga\u00fche roll selles?<\/strong><\/p>\n<p>13.00-13.15 Kogunemine ja eetiline kohvilaud<\/p>\n<p>13.15-14.00 J\u00e4\u00e4d ja m\u00fc\u00fcte murdev viktoriin \u201cKuidas maailmal l\u00e4heb?\u201d Saame teada, kas elu meie planeedil on l\u00e4inud ajaga paremaks v\u00f5i halvemaks.<\/p>\n<p>14.00-14.45. Maailm ja mina. Mis on maailma kestlik areng? Milliseid aspekte maailmas ma m\u00f5jutan? Kuidas teha oma asju senisest paremini?Tutvume maailma kestliku arengu eesm\u00e4rkide<span class=\"text_exposed_show\">ga ja otsime nende seast oma.<\/span><\/p>\n<p><span class=\"text_exposed_show\">14.45-15.15 Kohv ja suupisted ja kestliku kogukonna n\u00e4ide<\/span><\/p>\n<p><span class=\"text_exposed_show\">15.15-16.00 Grupit\u00f6\u00f6d ja \u00fchine arutelu kogukonna kestliku arengu teemal.<\/span><\/p>\n<p><span class=\"text_exposed_show\">16.00-17.00 \u00d5htus\u00f6\u00f6k ja m\u00f5nus olemine.<\/span><\/p>\n<p>Osalemine on tasuta, kuid vajalik on registreerimine, <a href=\"https:\/\/goo.gl\/forms\/qLD2547LoimnSzQb2\" target=\"_blank\" rel=\"noopener\">mida saad teha siin<\/a>.<\/p>\n<p><strong>NB! Registreerimine on avatud kuni 12.veebruarini!<\/strong><\/p>\n<p>S\u00fcndmuse korraldab Arengukoost\u00f6\u00f6 \u00dcmarlaud koost\u00f6\u00f6s P\u00e4rnumaa Arenduskeskusega ja selle elluviimist toetavad Euroopa Komisjon ja Eesti V\u00e4lisministeerium.<\/p>\n<p>Arengukoost\u00f6\u00f6 \u00dcmarlaua s\u00fcndmustel pakume ilma lihata toitu. T\u00f6\u00f6stuslik lihatootmine on neljas suurim kliimamuutuste p\u00f5hjustaja.<\/p>\n<p><em>Foto:\u00a0<\/em><a href=\"https:\/\/toolbox.estonia.ee\/search\/?filter%5Btitle%5D%5B%5D=Tanel%20Murd\"><em>Tanel Murd<\/em><\/a><\/p>\n","protected":false},"excerpt":{"rendered":"<p>Ootame P\u00e4rnumaa aktiivseid ja oma kogukonna heaolule m\u00f5tlevaid inimesi 14. veebruaril Maarja-Magdaleena Gildi, et koos m\u00f5elda, mis on maailma kestlik&#8230;<\/p>\n","protected":false},"author":32,"featured_media":8718,"comment_status":"open","ping_status":"open","sticky":false,"template":"","format":"standard","meta":{"_acf_changed":false,"footnotes":""},"categories":[3],"tags":[30,29],"class_list":["post-8715","post","type-post","status-publish","format-standard","has-post-thumbnail","hentry","category-blogi","tag-kestliku-arengu-koalitsioon-sdg","tag-sundmused"],"acf":[],"_links":{"self":[{"href":"https:\/\/www.terveilm.ee\/leht\/wp-json\/wp\/v2\/posts\/8715","targetHints":{"allow":["GET"]}}],"collection":[{"href":"https:\/\/www.terveilm.ee\/leht\/wp-json\/wp\/v2\/posts"}],"about":[{"href":"https:\/\/www.terveilm.ee\/leht\/wp-json\/wp\/v2\/types\/post"}],"author":[{"embeddable":true,"href":"https:\/\/www.terveilm.ee\/leht\/wp-json\/wp\/v2\/users\/32"}],"replies":[{"embeddable":true,"href":"https:\/\/www.terveilm.ee\/leht\/wp-json\/wp\/v2\/comments?post=8715"}],"version-history":[{"count":5,"href":"https:\/\/www.terveilm.ee\/leht\/wp-json\/wp\/v2\/posts\/8715\/revisions"}],"predecessor-version":[{"id":8743,"href":"https:\/\/www.terveilm.ee\/leht\/wp-json\/wp\/v2\/posts\/8715\/revisions\/8743"}],"wp:featuredmedia":[{"embeddable":true,"href":"https:\/\/www.terveilm.ee\/leht\/wp-json\/wp\/v2\/media\/8718"}],"wp:attachment":[{"href":"https:\/\/www.terveilm.ee\/leht\/wp-json\/wp\/v2\/media?parent=8715"}],"wp:term":[{"taxonomy":"category","embeddable":true,"href":"https:\/\/www.terveilm.ee\/leht\/wp-json\/wp\/v2\/categories?post=8715"},{"taxonomy":"post_tag","embeddable":true,"href":"https:\/\/www.terveilm.ee\/leht\/wp-json\/wp\/v2\/tags?post=8715"}],"curies":[{"name":"wp","href":"https:\/\/api.w.org\/{rel}","templated":true}]}}