{"id":8734,"date":"2018-02-05T12:10:15","date_gmt":"2018-02-05T10:10:15","guid":{"rendered":"http:\/\/www.terveilm.ee\/leht\/?p=8734"},"modified":"2018-02-16T10:59:51","modified_gmt":"2018-02-16T08:59:51","slug":"vaikesed-kogukonnad-suure-maailma-sees-viljandi","status":"publish","type":"post","link":"https:\/\/www.terveilm.ee\/leht\/blogi\/vaikesed-kogukonnad-suure-maailma-sees-viljandi\/","title":{"rendered":"V\u00e4ikesed kogukonnad suure maailma sees &#8211; Viljandi!"},"content":{"rendered":"<p><strong>Ootame Viljandimaa aktiivseid ja oma kogukonna heaolule m\u00f5tlevaid inimesi 22. veebruaril Bonifatsiuse Gildi, et koos m\u00f5elda, mis on maailma kestlik areng ning kuidas see iga\u00fcht meist puudutab. Kuidas teha nii, et ka tulevastele p\u00f5lvedel oleks Viljandimaal hea elada ning mis on meie iga\u00fche roll selles?<\/strong><\/p>\n<p>Ajakava t\u00e4psustub varsti, sisuline p\u00e4evakava:<\/p>\n<p>13.00-13.15 Kogunemine ja eetiline kohvilaud<\/p>\n<p>13.15-14.00 J\u00e4\u00e4d ja m\u00fc\u00fcte murdev viktoriin \u201cKuidas maailmal l\u00e4heb?\u201d Saame teada, kas elu meie planeedil on l\u00e4inud ajaga paremaks v\u00f5i halvemaks.<\/p>\n<p>14.00-14.45. Maailm ja mina. Mis on maailma kestlik areng? Milliseid aspekte maailmas ma m\u00f5jutan? Kuidas teha oma asju senisest paremini?Tutvume maailma kestliku arengu eesm\u00e4rkidega ja o<span class=\"text_exposed_show\">tsime nende seast oma.<\/span><\/p>\n<p><span class=\"text_exposed_show\">14.45-15.15 Kohv ja suupisted ja kestliku kogukonna n\u00e4ide<\/span><\/p>\n<p><span class=\"text_exposed_show\">15.15-16.00 Grupit\u00f6\u00f6d ja \u00fchine arutelu kogukonna kestliku arengu teemal.<\/span><\/p>\n<p><span class=\"text_exposed_show\">16.00-17.00 \u00d5htus\u00f6\u00f6k ja m\u00f5nus olemine.<\/span><\/p>\n<p>Osalemine on tasuta, kuid vajalik on registreerimine, <a href=\"https:\/\/goo.gl\/forms\/qLD2547LoimnSzQb2\" target=\"_blank\" rel=\"noopener\">mida saad teha siin<\/a>.<\/p>\n<p><strong>NB! Registreerimine on avatud kuni 20.veebruarini!<\/strong><\/p>\n<p>S\u00fcndmuse korraldab Arengukoost\u00f6\u00f6 \u00dcmarlaud koost\u00f6\u00f6s P\u00e4rnumaa Arenduskeskusega ja selle elluviimist toetavad Euroopa Komisjon ja Eesti V\u00e4lisministeerium.<\/p>\n<p>Arengukoost\u00f6\u00f6 \u00dcmarlaua s\u00fcndmustel pakume ilma lihata toitu. T\u00f6\u00f6stuslik lihatootmine on neljas suurim kliimamuutuste p\u00f5hjustaja.<\/p>\n<p><em>Foto:\u00a0<a href=\"https:\/\/toolbox.estonia.ee\/search\/?filter%5Btitle%5D%5B%5D=Marek%20Metslaid\">Marek Metslaid<\/a><\/em><\/p>\n","protected":false},"excerpt":{"rendered":"<p>Ootame Viljandimaa aktiivseid ja oma kogukonna heaolule m\u00f5tlevaid inimesi 22. veebruaril Bonifatsiuse Gildi, et koos m\u00f5elda, mis on maailma kestlik&#8230;<\/p>\n","protected":false},"author":32,"featured_media":8735,"comment_status":"open","ping_status":"open","sticky":false,"template":"","format":"standard","meta":{"_acf_changed":false,"footnotes":""},"categories":[3],"tags":[30,29],"class_list":["post-8734","post","type-post","status-publish","format-standard","has-post-thumbnail","hentry","category-blogi","tag-kestliku-arengu-koalitsioon-sdg","tag-sundmused"],"acf":[],"_links":{"self":[{"href":"https:\/\/www.terveilm.ee\/leht\/wp-json\/wp\/v2\/posts\/8734","targetHints":{"allow":["GET"]}}],"collection":[{"href":"https:\/\/www.terveilm.ee\/leht\/wp-json\/wp\/v2\/posts"}],"about":[{"href":"https:\/\/www.terveilm.ee\/leht\/wp-json\/wp\/v2\/types\/post"}],"author":[{"embeddable":true,"href":"https:\/\/www.terveilm.ee\/leht\/wp-json\/wp\/v2\/users\/32"}],"replies":[{"embeddable":true,"href":"https:\/\/www.terveilm.ee\/leht\/wp-json\/wp\/v2\/comments?post=8734"}],"version-history":[{"count":2,"href":"https:\/\/www.terveilm.ee\/leht\/wp-json\/wp\/v2\/posts\/8734\/revisions"}],"predecessor-version":[{"id":8792,"href":"https:\/\/www.terveilm.ee\/leht\/wp-json\/wp\/v2\/posts\/8734\/revisions\/8792"}],"wp:featuredmedia":[{"embeddable":true,"href":"https:\/\/www.terveilm.ee\/leht\/wp-json\/wp\/v2\/media\/8735"}],"wp:attachment":[{"href":"https:\/\/www.terveilm.ee\/leht\/wp-json\/wp\/v2\/media?parent=8734"}],"wp:term":[{"taxonomy":"category","embeddable":true,"href":"https:\/\/www.terveilm.ee\/leht\/wp-json\/wp\/v2\/categories?post=8734"},{"taxonomy":"post_tag","embeddable":true,"href":"https:\/\/www.terveilm.ee\/leht\/wp-json\/wp\/v2\/tags?post=8734"}],"curies":[{"name":"wp","href":"https:\/\/api.w.org\/{rel}","templated":true}]}}