{"id":8944,"date":"2018-03-06T11:01:56","date_gmt":"2018-03-06T09:01:56","guid":{"rendered":"http:\/\/www.terveilm.ee\/leht\/?p=8944"},"modified":"2018-03-06T13:24:54","modified_gmt":"2018-03-06T11:24:54","slug":"aku-martsis-gaas-pohjas","status":"publish","type":"post","link":"https:\/\/www.terveilm.ee\/leht\/blogi\/aku-martsis-gaas-pohjas\/","title":{"rendered":"AK\u00dc m\u00e4rtsis &#8211; gaas p\u00f5hjas!"},"content":{"rendered":"<p><strong>M\u00e4rtsis on AK\u00dcl gaas p\u00f5hjas, p\u00e4evavalguse k\u00e4tte j\u00f5uavad ning tegudeks saavad k\u00f5ik need m\u00f5tted, mille kallal s\u00fcgis-talvel kontorih\u00e4maruses nokitsenud oleme. Kodusele tramburaile lisaks toob kevadkuu kaasa palju ringireisimist. Sigrid k\u00e4ib Br\u00fcsselis kodaniku\u00fchenduste ja digi teemadel arutlemas ning l\u00e4heb uurib, kuhu Euroopa Agenda 2030 t\u00fc\u00fcrib. <\/strong><\/p>\n<p><span style=\"font-weight: 400;\">Kuu algusest on juba selja taha j\u00e4\u00e4nud CONCORDi juhatuse koosolek, kus vaadati peeglisse Oxfami Haiti prostituutide juhtumi valguses ning arutleti ka teemal, kas Euroopa Komisjoni poolt on \u00f5ige vaba\u00fchendustele delegeerida administratiivsed tegemised, mille jaoks neil inimesi pole (sest vaba\u00fchendustel, teatavasti, on h\u00e4sti palju inimesi alati palgal). Karl Oskar l\u00e4heb alanud kuul Sofiasse vaatama, kuidas bulgaarlased eesistuvad ning mida on kuulda arengukoost\u00f6\u00f6 rahastamises ja sellesse valdkonda erasektori kaasamises. Agnet aga kadestab terve kollektiiv, sest tema l\u00e4heb Bonni suur\u00fcritusele <\/span><a href=\"http:\/\/globalfestivalofaction.org\/the-festival\/\"><span style=\"font-weight: 400;\">The Global Festival of Action for Sustainable Development<\/span><\/a><span style=\"font-weight: 400;\">. Tegemist on on maailma k\u00f5ige inspireerivama SDG-teemalise s\u00fcndmusega, mis toob kokku k\u00f5ik kestliku arengu eesm\u00e4rkide edendamisega tegelevad inimesed ja organisatsioonid. <\/span><\/p>\n<p><strong>Aga mis kodus uudist? <\/strong><\/p>\n<p><span style=\"font-weight: 400;\">Iti ja Agne on t\u00e4iuslikkuseni lihvinud Eesti eri pagus ettekandmisele tulnud eeskava kestlikust arengust meil ja mujal. Me armastame kogukondasid ning usume, et tulevik on just nende k\u00e4es. Kuidas ja mida saaks kohalikul tasandil teha ning millised ideed on juba ellu viidud? Nendel teemadel oleme r\u00e4\u00e4kimas k\u00e4inud Virus ja V\u00f5rus, P\u00e4rnus ning Haapsalus. J\u00e4rgmine kord saab kaasa m\u00f5elda juba 8. m\u00e4rtsil Tartus &#8211; vestlusring \u201cKestlikud kogukonnad suures maailmas\u201d k\u00fcsib, mis on maailma ja kogukondade kestlik areng ning kuidas see iga\u00fcht meist puudutab. Kuidas teha nii, et ka tulevastel p\u00f5lvedel oleks kodukandis hea elada ning mis on iga\u00fche roll selles?<\/span><a href=\"https:\/\/goo.gl\/forms\/nk9hqSuvsw7QhFu93\"><span style=\"font-weight: 400;\"> Registreeri end siin<\/span><\/a><span style=\"font-weight: 400;\">. Kes Tartusse ei saa tulla, siis kohtume 7. m\u00e4rtsil Tsirguliinas v\u00f5i 5. aprillil Tallinnas. M\u00e4rkige kalendrisse! Taustamuusikaks sobib h\u00e4sti <\/span><a href=\"https:\/\/www.youtube.com\/watch?v=r75WMX1WFgk\"><span style=\"font-weight: 400;\">see pala<\/span><\/a><span style=\"font-weight: 400;\">. \u00a0\u00a0<\/span><\/p>\n<p><span style=\"font-weight: 400;\">Katrin on viimaste n\u00e4dalate jooksul vedanud t\u00f6\u00f6tubade sarja \u00f5petamaks inimesi olema planeedile paremad elanikud. Tehtud on puhastusvahendeid, kreemi ja toredaid m\u00e4nguasju. Aga see pole veel k\u00f5ik! Homme l\u00e4hevad kiireimad reageerijad kombucha valmistamise t\u00f6\u00f6tuppa, 22. m\u00e4rtsil aga arutleme ja harjutame teemal <\/span><a href=\"https:\/\/www.facebook.com\/events\/648771288801667\/\"><span style=\"font-weight: 400;\">permakultuur linnaaedades<\/span><\/a><span style=\"font-weight: 400;\">.\u00a0\u00a0<\/span><\/p>\n<p><span style=\"font-weight: 400;\">AK\u00dcle meeldivad s\u00f5brad ja meile meeldib asju koos teistega teha. \u00dcksi on ikka igav ja ei \u00a0saa \u00fcldse nii palju nalja, ei tule nii head tulemused ega pole nii palju m\u00f5ju. Sellep\u00e4rast kohtubki Agne m\u00e4rtsis erinevate eraettev\u00f5tete ja vabakonna organisatsioonidega, kes on avaldanud soovi liituda ametlikult aprilli alguseks asutatava koalitsiooniga kestliku arengu heaks. Koalitsiooni on oodatud k\u00f5ik era- ja avaliku sektori ning vabakonna esindajad, kes soovivad kaasa l\u00fc\u00fca kestliku Eesti edendamises ja maailma kestliku arengu eesm\u00e4rkide saavutamises. Lisainfot saab \u00a0<\/span><a href=\"http:\/\/www.terveilm.ee\/kestliku-arengu-koalitsioon\/\"><span style=\"font-weight: 400;\">Terveilma kodulehelt<\/span><\/a><span style=\"font-weight: 400;\"> v\u00f5i Agnelt agne@terveilm.ee.<\/span><\/p>\n<p><strong>Suurandmed vaba\u00fchenduste t\u00f6\u00f6s<\/strong><\/p>\n<p><span style=\"font-weight: 400;\">Heidi ja Oskar on k\u00f5ige muu k\u00f5rval sukeldunud andmemaailma. <\/span><span style=\"font-weight: 400;\">Kuidas kasutada meid \u00fcmbritsevat infot, et saavutada oma tegevuses edu? Et omada suuremat m\u00f5ju? Et lahendada \u00fchiskondlikke probleeme efektiivsemalt? Et seletada teistele, mida su \u00fchendus teeb ja mida te juba \u00e4ra olete teinud? Arengukoost\u00f6\u00f6 \u00dcmarlaud kutsub osalema 6. aprillil toimuvale seminarile \u201e<a href=\"https:\/\/www.facebook.com\/events\/216978282374965\/\" target=\"_blank\" rel=\"noopener\">Big Data and Sustainable Development: Paving the way towards sustainable future<\/a>\u201c, mida korraldame koost\u00f6\u00f6s Tallinn Music Week\u2019iga. Seminaril otsime vastuseid k\u00fcsimustele, kuidas kasutada andmeid, et minna kaugemale, kiiremini, n\u00e4htavamalt ja m\u00f5jusamalt. Kuulame inspiratsioonik\u00f5nelejaid kaugemalt, vaatame otsa enda v\u00f5imalustele ja proovime tuua suured kontseptsioonid praktilisele tasandile.\u00a0<\/span><\/p>\n","protected":false},"excerpt":{"rendered":"<p>M\u00e4rtsis on AK\u00dcl gaas p\u00f5hjas, p\u00e4evavalguse k\u00e4tte j\u00f5uavad ning tegudeks saavad k\u00f5ik need m\u00f5tted, mille kallal s\u00fcgis-talvel kontorih\u00e4maruses nokitsenud oleme&#8230;.<\/p>\n","protected":false},"author":32,"featured_media":8948,"comment_status":"open","ping_status":"open","sticky":false,"template":"","format":"standard","meta":{"_acf_changed":false,"footnotes":""},"categories":[7],"tags":[31,35,30,29,24],"class_list":["post-8944","post","type-post","status-publish","format-standard","has-post-thumbnail","hentry","category-uudised","tag-aku","tag-arengukoostoo","tag-kestliku-arengu-koalitsioon-sdg","tag-sundmused","tag-tarbimine"],"acf":[],"_links":{"self":[{"href":"https:\/\/www.terveilm.ee\/leht\/wp-json\/wp\/v2\/posts\/8944","targetHints":{"allow":["GET"]}}],"collection":[{"href":"https:\/\/www.terveilm.ee\/leht\/wp-json\/wp\/v2\/posts"}],"about":[{"href":"https:\/\/www.terveilm.ee\/leht\/wp-json\/wp\/v2\/types\/post"}],"author":[{"embeddable":true,"href":"https:\/\/www.terveilm.ee\/leht\/wp-json\/wp\/v2\/users\/32"}],"replies":[{"embeddable":true,"href":"https:\/\/www.terveilm.ee\/leht\/wp-json\/wp\/v2\/comments?post=8944"}],"version-history":[{"count":1,"href":"https:\/\/www.terveilm.ee\/leht\/wp-json\/wp\/v2\/posts\/8944\/revisions"}],"predecessor-version":[{"id":8946,"href":"https:\/\/www.terveilm.ee\/leht\/wp-json\/wp\/v2\/posts\/8944\/revisions\/8946"}],"wp:featuredmedia":[{"embeddable":true,"href":"https:\/\/www.terveilm.ee\/leht\/wp-json\/wp\/v2\/media\/8948"}],"wp:attachment":[{"href":"https:\/\/www.terveilm.ee\/leht\/wp-json\/wp\/v2\/media?parent=8944"}],"wp:term":[{"taxonomy":"category","embeddable":true,"href":"https:\/\/www.terveilm.ee\/leht\/wp-json\/wp\/v2\/categories?post=8944"},{"taxonomy":"post_tag","embeddable":true,"href":"https:\/\/www.terveilm.ee\/leht\/wp-json\/wp\/v2\/tags?post=8944"}],"curies":[{"name":"wp","href":"https:\/\/api.w.org\/{rel}","templated":true}]}}