{"id":9008,"date":"2018-03-28T11:12:25","date_gmt":"2018-03-28T08:12:25","guid":{"rendered":"http:\/\/www.terveilm.ee\/leht\/?p=9008"},"modified":"2018-03-28T11:12:48","modified_gmt":"2018-03-28T08:12:48","slug":"rohelise-kontori-tootuba","status":"publish","type":"post","link":"https:\/\/www.terveilm.ee\/leht\/blogi\/rohelise-kontori-tootuba\/","title":{"rendered":"Rohelise kontori t\u00f6\u00f6tuba"},"content":{"rendered":"<p><strong>Paljud meist veedavad suure osa p\u00e4evast kontorites ja nende m\u00f5ju keskkonnale on \u00fclisuur. Rohelise kontori t\u00f6\u00f6tuppa on oodatud k\u00f5ik huvilised, kes on m\u00f5elnud selle peale, kuidas muuta kontorit keskkonnas\u00f5bralikuks ehk roheliseks!<\/strong><\/p>\n<p>T\u00f6\u00f6tuba toimub neljap\u00e4eval, 5. aprillil kell 17.30 &#8211; 20.00 Tallinnas, Bliss konverentsikeskuses (Mustam\u00e4e tee 17).\u00a0T\u00f6\u00f6tuba on tasuta, kuid osalemiseks on vajalik <a href=\"https:\/\/goo.gl\/forms\/VC5W1VbhzsY2IatS2\">registreerumine siin<\/a>.<\/p>\n<p>Rohelise kontori t\u00f6\u00f6toas ei valmista me kohapeal midagi, kuid p\u00fc\u00fcame anda praktilisi n\u00e4pun\u00e4iteid, kuidas muuta roheliseks meie kontorid alates pisikesest kodukontorist kuni suurte korporatsionideni.<\/p>\n<p><strong>Mis on plaanis?<\/strong><\/p>\n<p>&#x2618; Maarja J\u00f5e Stockholmi keskkonnauuringute keskusest (SEI Tallinn) annab n\u00f5u, mis kategooriatele t\u00e4helepanu p\u00f6\u00f6rata, kui soovid rohelise kontori teemaga alustada. Valdkondi, mida saab muuta roheliseks, on p\u00e4ris palju, n\u00e4iteks \u00fcritused ja toitlustamine, kontoritehnika, veetarbimine, kontorim\u00f6\u00f6bel, j\u00e4\u00e4tmed, hanked ja palju muud. Iga kategooria juures arutame, kui palju on v\u00f5imalik teha lihtsate vahenditega ja milleks on vaja suuremaid muudatusi?\u00a0<span class=\"text_exposed_show\">\u00a0<\/span><\/p>\n<p><span class=\"text_exposed_show\">Teooriat t\u00e4iendavad mitmed praktikud:<br \/>\n&#x2618;Alari Rammo Eesti Mittetulundus\u00fchingute Liidust r\u00e4\u00e4gib kogemustest vaba\u00fchenduste ja \u00fc\u00fcripindadega &#8211; kuigi tahame ideaali, siis mida p\u00e4riselt teha saame, kui kontor pole meie oma?<br \/>\n&#x2618;Jaana Ahlberg hostelist Looming r\u00e4\u00e4gib, kuidas on v\u00f5imalik majutusasutust roheliselt pidada ja praktiliselt k\u00f5ike taaskasutada?<br \/>\n&#x2618; Laire Suurv\u00e4li jagab kogemusi rahvusvahelise transpordiettev\u00f5tte DHL rohelisest k\u00f6\u00f6gipoolest. Kuidas saavutada t\u00f6\u00f6tajate keskkonnaalane teadlikkus on 98%?<\/span><\/p>\n<p>T\u00f6\u00f6toa korraldamist toetab Euroopa Komisjon.<\/p>\n","protected":false},"excerpt":{"rendered":"<p>Paljud meist veedavad suure osa p\u00e4evast kontorites ja nende m\u00f5ju keskkonnale on \u00fclisuur. Rohelise kontori t\u00f6\u00f6tuppa on oodatud k\u00f5ik huvilised,&#8230;<\/p>\n","protected":false},"author":32,"featured_media":9012,"comment_status":"open","ping_status":"open","sticky":false,"template":"","format":"standard","meta":{"_acf_changed":false,"footnotes":""},"categories":[3],"tags":[26,33,29,24,20,21],"class_list":["post-9008","post","type-post","status-publish","format-standard","has-post-thumbnail","hentry","category-blogi","tag-loodushoid","tag-majandus","tag-sundmused","tag-tarbimine","tag-tervis","tag-toit-ja-vesi"],"acf":[],"_links":{"self":[{"href":"https:\/\/www.terveilm.ee\/leht\/wp-json\/wp\/v2\/posts\/9008","targetHints":{"allow":["GET"]}}],"collection":[{"href":"https:\/\/www.terveilm.ee\/leht\/wp-json\/wp\/v2\/posts"}],"about":[{"href":"https:\/\/www.terveilm.ee\/leht\/wp-json\/wp\/v2\/types\/post"}],"author":[{"embeddable":true,"href":"https:\/\/www.terveilm.ee\/leht\/wp-json\/wp\/v2\/users\/32"}],"replies":[{"embeddable":true,"href":"https:\/\/www.terveilm.ee\/leht\/wp-json\/wp\/v2\/comments?post=9008"}],"version-history":[{"count":2,"href":"https:\/\/www.terveilm.ee\/leht\/wp-json\/wp\/v2\/posts\/9008\/revisions"}],"predecessor-version":[{"id":9011,"href":"https:\/\/www.terveilm.ee\/leht\/wp-json\/wp\/v2\/posts\/9008\/revisions\/9011"}],"wp:featuredmedia":[{"embeddable":true,"href":"https:\/\/www.terveilm.ee\/leht\/wp-json\/wp\/v2\/media\/9012"}],"wp:attachment":[{"href":"https:\/\/www.terveilm.ee\/leht\/wp-json\/wp\/v2\/media?parent=9008"}],"wp:term":[{"taxonomy":"category","embeddable":true,"href":"https:\/\/www.terveilm.ee\/leht\/wp-json\/wp\/v2\/categories?post=9008"},{"taxonomy":"post_tag","embeddable":true,"href":"https:\/\/www.terveilm.ee\/leht\/wp-json\/wp\/v2\/tags?post=9008"}],"curies":[{"name":"wp","href":"https:\/\/api.w.org\/{rel}","templated":true}]}}