{"id":9172,"date":"2018-04-11T15:32:23","date_gmt":"2018-04-11T12:32:23","guid":{"rendered":"http:\/\/www.terveilm.ee\/leht\/?p=9172"},"modified":"2018-08-17T11:17:28","modified_gmt":"2018-08-17T08:17:28","slug":"erilised-tavalised-eestimaalased-saage-tuttavaks-ayaka","status":"publish","type":"post","link":"https:\/\/www.terveilm.ee\/leht\/blogi\/erilised-tavalised-eestimaalased-saage-tuttavaks-ayaka\/","title":{"rendered":"Erilised tavalised eestimaalased: saage tuttavaks, Ayaka!"},"content":{"rendered":"<h3>Ayaka Ueda, koorijuht, 32<\/h3>\n<p class=\"western\"><span style=\"color: #1b1c20;\"><span style=\"font-size: medium;\">Ayaka on habras ja tagasihoidlik jaapanlanna, kuid tema olek muutub koori ees dirigeerides t\u00e4ielikult. Ta muutub suureks, j\u00f5uliseks ning igast tema liigutusest loeb v\u00e4lja s\u00fcgavaid emotsioone, justkui elades laulu l\u00e4bi. Selles on midagi liigutavat, kui ta seisab kuuk\u00fcmneliikmelise Eesti koori ees ning dirigeerib T\u00f5nis M\u00e4e Palvet. Peale laulu ta naeratab ja on j\u00e4lle armas v\u00e4ike jaapanlanna.<\/span><\/span><\/p>\n<p>Ayaka tuli Eestisse neli aastat tagasi kooridirigeerimise \u00f5ppimiseks. Jaapanis \u00f5ppis ta Tokyo Kunitachi kolled\u017ei muusikapedagoogika erialal. Kuna Jaapani \u00fclikoolides ei pakuta erialana koori dirigeerimist, soovis ta \u00f5ppida edasi Eestis proffessor T\u00f5nu Kaljuste k\u00e4e all. Nelja aastaga \u00f5ppis Ayaka selgeks eesti keele nii heal tasemel, et t\u00f6\u00f6tab teist aastat Vanalinna Hariduskollegiumis, kus \u00f5petab mudilaskoore ning sama kooli \u00f5petajate ja lapsevanemate segakoori. Lisaks Vanalinna Hariduskollegiumile on Ayaka abidirigent Segakoor HUIK!is. Hiljuti algatas ta ka Segakoor Tsubame, mis kasvas v\u00e4lja MT\u00dc Jaapani Kultuuri Koja \u00fchest projektist. Seal laulavad eesti muusikat Eestis resideeruvad jaapanlased koos eestlastega.<\/p>\n<div class=\"flx-embed\">\n<div style=\"position: relative; height: 0; padding-bottom: 64.55%; width: 100%;\"><iframe loading=\"lazy\" style=\"position: absolute; top: 0; left: 0; width: 100%; height: 100%;\" src=\"https:\/\/media.flixel.com\/cinemagraph\/5ui1kmzxtl84j9ds3qxi?hd=false\" width=\"300\" height=\"150\" frameborder=\"0\" allowfullscreen=\"allowfullscreen\"><\/iframe><\/div>\n<\/div>\n<h3>Kool ja koor<\/h3>\n<p class=\"western\"><span style=\"color: #1b1c20;\"><span style=\"font-size: medium;\">Jaapani kooli eristab Eesti koolist see, et valima peab mingi konkreetse valdkonna millega tegeleda p\u00e4rast kooli tu<\/span><\/span><span style=\"color: #000000;\"><span style=\"font-family: 'Times New Roman', serif;\"><span style=\"font-size: medium;\">nde (inglise keeles <\/span><\/span><\/span><span style=\"color: #000000;\"><span style=\"font-family: 'Times New Roman', serif;\"><span style=\"font-size: medium;\"><i>after school activity<\/i><\/span><\/span><\/span><span style=\"color: #000000;\"><span style=\"font-family: 'Times New Roman', serif;\"><span style=\"font-size: medium;\">). <\/span><\/span><\/span><span style=\"color: #1b1c20;\"><span style=\"font-size: medium;\">Valida tuleb kas sport, kunst v\u00f5i muusika, mille juhendajaks on tavaliselt oma kooli \u00f5petaja. Kui oled kooris, siis laulad iga p\u00e4ev kaks tundi. Igal suvel toimub \u00fcks suur koori konkurss koolide vahel, mille jaoks nad k\u00f5vasti harjutavad ning pingutavad. Probleem on see, et kui konkurss on l\u00e4bi, siis m\u00f5nel \u00f5pilasel ei j\u00e4\u00e4 jaksu laulmisega j\u00e4tkata. Jaapanis ei ole Eesti m\u00f5istes muusikakoole, on suurte firmade erakoolid, n\u00e4iteks tema \u00f5ppis Yamaha muusikakoolis klaverit. See ei k\u00e4inud kooliga kaasas ja seda tuli eraldi \u00f5ppida.<\/span><\/span><\/p>\n<p class=\"western\"><span style=\"color: #1b1c20;\"><span style=\"font-size: medium;\">J<\/span><\/span><span style=\"color: #1b1c20;\"><span style=\"font-size: medium;\">aapanis on k\u00fcll palju koore, kuid v\u00f5rreldes s\u00fcmfoonia- ja puhkpilliorkestris m\u00e4ngimisega ei ole kooris laulmine kuigi popp. Aga jaapani koorilaulujad on v\u00e4ga tublid ja hoiavad end kursis euroopa muusikaga. Samuti on tuntud ka Veljo Tormis ning Urmas Sisask, nende laule lauldakse h\u00e4sti palju. <\/span><\/span><\/p>\n<h3><strong>Kaks kodu<\/strong><\/h3>\n<p class=\"western\"><span style=\"color: #1b1c20;\"><span style=\"font-size: medium;\">R\u00e4\u00e4kides elust Eestis on Ayakal v\u00e4ga eluterve ja uudishimulik suhtumine. Ta leiab, et kultuur on erinev, aga inimesed on l\u00f5puks ikka inimesed. On toredaid ja v\u00e4hem toredaid nii nagu igal pool. <\/span><\/span><\/p>\n<p class=\"western\"><span style=\"color: #1b1c20;\"><span style=\"font-size: medium;\">Ayakale meeldib, et siin k\u00f5ik teistmoodi kui Jaapanis ja Jaapanis teistmoodi kui Eestis: \u201eOn eriti tore, et meil on erinevad keeled ja kultuurid. Kui k\u00f5ik oleks sama, siis ma pigem elaks Jaapanis. Erinevused peavad olema ja v\u00f5iks alati j\u00e4\u00e4da\u201d. <\/span><\/span><\/p>\n<p class=\"western\"><span style=\"color: #1b1c20;\"><span style=\"font-size: medium;\">Ayaka saaks dirigendina t\u00f6\u00f6tada ka oma kodumaal koorides, aga praegu eelistab ta elada, \u00f5ppida ja areneda siin. Koorimuusika on seotud keele ja kultuuriga: \u201eMa tahan Eestis elada, et \u00f5ppida seda t\u00e4ielikult tundma ja tunnetama, et saaksin t\u00e4ielikult \u00f6elda, et ma tean, mis on Eesti ja Eesti muusika.\u201c Oma kodumaal p\u00fc\u00fcab k\u00e4ia kord aastas, seal on tal vanemad, vanaema ja \u00f5de. <\/span><\/span><\/p>\n<h3>Laulupidu!<\/h3>\n<p>Laulupeol laulmine oli unistuse t\u00e4itumine, seda kogemust ei oska s\u00f5nadega h\u00e4sti seletadagi &#8211; see oli imeline. 2004. aastal XXVI \u00fcldlaulupeol esines Ayaka lauljana Collegium Musicale ridades. \u201eKui ma olin laulupeo laval, siis ma tundsin, et on see \u00f5ige koht minu jaoks, see koht, kus ma tahan olla. Seal olles sain kooridirigendina aru, mida t\u00e4hedab koorilaul.\u201d<\/p>\n<p>Ayaka Eesti taustapilt on XII noorte laulupeost, kus esinesid tema dirigeeritud mudilaskoorid. Jaapani taustaks on &#8220;Nagoya Youth Choir&#8221; koori pilt kontserdilt. See on projektikoor, igal aastal tuleb kokku 50 laulujat \u00fcle Jaapanist, l\u00fchikest aega harjutataksese intensiivselt ja l\u00f5pus tuleb konstert. Kavas on ka Ayaka valitud Eesti muusikat. Repertuaaris on olnud Veljo Tormise, Mart Saare, Peeter S\u00fcda ja Cyrillus Kreegi loomingut. Sel aastal tulevad loomingud noortelt heliloojatelt &#8211; P\u00e4rt Uusberg, Evelin Seppar, Kadri Voorand ja Martin Sildos.<\/p>\n<p><em>Arengukoost\u00f6\u00f6 \u00dcmarlaud tahab lugejatega jagada Eestis elavate inimeste kirjusid lugusid. T\u00e4na hirmutatakse meid sageli \u201cuue\u201d ja \u201cv\u00f5\u00f5raga\u201d, mis on kusagilt kaugelt piiri tagant tulemas v\u00f5i juba siin elab. Aga Eesti on alati olnud segu erinevatest inimestest, kes kunagi olid v\u00f5\u00f5rad, ent n\u00fc\u00fcd on omad, meie eestimaalased.<\/em><br \/>\n<em> Projekti toetab Euroopa Komisjon, kes ei vastuta kuidagi siinse sisu eest! <\/em><\/p>\n<p><em>Pildid tegid Virgo Haan ja Heiki Laan. Meigi v\u00f5lus valmis Sevil \u0160ukjurova.<\/em><\/p>\n","protected":false},"excerpt":{"rendered":"<p>Ayaka Ueda, koorijuht, 32 Ayaka on habras ja tagasihoidlik jaapanlanna, kuid tema olek muutub koori ees dirigeerides t\u00e4ielikult. Ta muutub&#8230;<\/p>\n","protected":false},"author":32,"featured_media":9173,"comment_status":"open","ping_status":"open","sticky":false,"template":"","format":"standard","meta":{"_acf_changed":false,"footnotes":""},"categories":[3],"tags":[31,22,29],"class_list":["post-9172","post","type-post","status-publish","format-standard","has-post-thumbnail","hentry","category-blogi","tag-aku","tag-haridus","tag-sundmused"],"acf":[],"_links":{"self":[{"href":"https:\/\/www.terveilm.ee\/leht\/wp-json\/wp\/v2\/posts\/9172","targetHints":{"allow":["GET"]}}],"collection":[{"href":"https:\/\/www.terveilm.ee\/leht\/wp-json\/wp\/v2\/posts"}],"about":[{"href":"https:\/\/www.terveilm.ee\/leht\/wp-json\/wp\/v2\/types\/post"}],"author":[{"embeddable":true,"href":"https:\/\/www.terveilm.ee\/leht\/wp-json\/wp\/v2\/users\/32"}],"replies":[{"embeddable":true,"href":"https:\/\/www.terveilm.ee\/leht\/wp-json\/wp\/v2\/comments?post=9172"}],"version-history":[{"count":5,"href":"https:\/\/www.terveilm.ee\/leht\/wp-json\/wp\/v2\/posts\/9172\/revisions"}],"predecessor-version":[{"id":9204,"href":"https:\/\/www.terveilm.ee\/leht\/wp-json\/wp\/v2\/posts\/9172\/revisions\/9204"}],"wp:featuredmedia":[{"embeddable":true,"href":"https:\/\/www.terveilm.ee\/leht\/wp-json\/wp\/v2\/media\/9173"}],"wp:attachment":[{"href":"https:\/\/www.terveilm.ee\/leht\/wp-json\/wp\/v2\/media?parent=9172"}],"wp:term":[{"taxonomy":"category","embeddable":true,"href":"https:\/\/www.terveilm.ee\/leht\/wp-json\/wp\/v2\/categories?post=9172"},{"taxonomy":"post_tag","embeddable":true,"href":"https:\/\/www.terveilm.ee\/leht\/wp-json\/wp\/v2\/tags?post=9172"}],"curies":[{"name":"wp","href":"https:\/\/api.w.org\/{rel}","templated":true}]}}