{"id":9224,"date":"2018-04-16T15:18:40","date_gmt":"2018-04-16T12:18:40","guid":{"rendered":"http:\/\/www.terveilm.ee\/leht\/?p=9224"},"modified":"2018-04-16T18:51:03","modified_gmt":"2018-04-16T15:51:03","slug":"tana-loodi-kestliku-arengu-koalitsioon","status":"publish","type":"post","link":"https:\/\/www.terveilm.ee\/leht\/blogi\/tana-loodi-kestliku-arengu-koalitsioon\/","title":{"rendered":"T\u00e4na loodi kestliku arengu koalitsioon"},"content":{"rendered":"<p><strong>T\u00e4na, 13. aprillil asutati Kestliku Arengu Koalitsioon. Selle eesm\u00e4rk on muuta Eesti heaoluriigiks, kus valitsetakse, toodetakse, tarbitakse ja kujundatakse poliitikaid kestlikkuse p\u00f5him\u00f5tete alusel.<\/strong><\/p>\n<p>Asutamiskoosolekul osalesid Riigikantselei, Tallinna Lennujaam, Telia, Sustinere, Miltton Nordics, Coop Eesti, Biomarket, Cleantech ForEst, Lilleoru, Eesti Keskkonnajuhtimise Assotsiatsioon, Statistikaamet, Vastutustundliku Ettev\u00f5tluse Foorum, SEI Tallinn, Mondo ja Arengukoost\u00f6\u00f6 \u00dcmarlaud.<\/p>\n<p>AK\u00dc huvikaitse spetsialist Agne Kuimet selgitab kestliku arengu koalitsiooni vajadust: \u201cElatustase Eestis on alates taasiseseisvumisest h\u00fcppeliselt kasvanud, kuid majandusedu k\u00f5rval on v\u00e4ljakutsed suur koormus keskkonnale ning probleemid sotsiaalsf\u00e4\u00e4ris. Koalitsioon annab v\u00f5imaluse panustada k\u00f5igil, kellel on n\u00e4gemus kestlikust arengust ja kes l\u00e4htuvad sellest oma tegevustes\u201d.<\/p>\n<p>2018. aasta jooksul on koalitsioonil plaanis koost\u00f6\u00f6s Poliitikauuringute Keskusega Praxis anal\u00fc\u00fcsida, kuidas rakendatakse Eestis poliitikate sidususe p\u00f5him\u00f5tteid. Kavas on anda sisendit arengukavadele ja m\u00e4\u00e4rustele ning luua sisukas ja p\u00e4evakajaline kaasamisportaal <a href=\"http:\/\/www.hoolin.ee\">www.hoolin.ee<\/a>, et t\u00f5sta \u00fchiskonna teadlikkust kestlikust arengust.<\/p>\n<p>Koalitsiooni on oodatud k\u00f5ik need, kes soovivad kestliku arengu vallas kogukondlikul, \u00fchiskondlikul ja ka poliitilisel tasandil arvamust avaldada &#8211; ettev\u00f5tjad, vaba\u00fchendused, poliitikakujundajad ning otsustajad.<\/p>\n<p>&nbsp;<\/p>\n<p>Lisainfo koalitsiooni esialgselt veebilehelt:<\/p>\n<p><a href=\"http:\/\/www.terveilm.ee\/kestliku-arengu-koalitsioon\/\">http:\/\/www.terveilm.ee\/kestliku-arengu-koalitsioon\/<\/a><\/p>\n<p><a href=\"https:\/\/drive.google.com\/drive\/folders\/1_fjyIRisH1phIy3-B4n2DUEw1kDK-hmA?usp=sharing\" target=\"_blank\" rel=\"noopener\">Foto koalitsiooni asutajatest.<\/a><\/p>\n<p>&nbsp;<\/p>\n<p>&nbsp;<\/p>\n<p><strong>Katrin P\u00e4rgm\u00e4e<\/strong>\u00a0\/ kommunikatsioonijuht<br \/>\n<a href=\"mailto:katrin@terveilm.ee\">katrin@terveilm.ee<\/a> \/ +372 56623823<\/p>\n<p><strong>Arengukoost\u00f6\u00f6 \u00dcmarlaud<\/strong><br \/>\nTelliskivi 60a, 10412 Tallinn<br \/>\n<a href=\"http:\/\/www.facebook.com\/terveilm\">www.facebook.com\/terveilm<\/a><\/p>\n","protected":false},"excerpt":{"rendered":"<p>T\u00e4na, 13. aprillil asutati Kestliku Arengu Koalitsioon. Selle eesm\u00e4rk on muuta Eesti heaoluriigiks, kus valitsetakse, toodetakse, tarbitakse ja kujundatakse poliitikaid&#8230;<\/p>\n","protected":false},"author":32,"featured_media":9225,"comment_status":"open","ping_status":"open","sticky":false,"template":"","format":"standard","meta":{"_acf_changed":false,"footnotes":""},"categories":[3],"tags":[31,30],"class_list":["post-9224","post","type-post","status-publish","format-standard","has-post-thumbnail","hentry","category-blogi","tag-aku","tag-kestliku-arengu-koalitsioon-sdg"],"acf":[],"_links":{"self":[{"href":"https:\/\/www.terveilm.ee\/leht\/wp-json\/wp\/v2\/posts\/9224","targetHints":{"allow":["GET"]}}],"collection":[{"href":"https:\/\/www.terveilm.ee\/leht\/wp-json\/wp\/v2\/posts"}],"about":[{"href":"https:\/\/www.terveilm.ee\/leht\/wp-json\/wp\/v2\/types\/post"}],"author":[{"embeddable":true,"href":"https:\/\/www.terveilm.ee\/leht\/wp-json\/wp\/v2\/users\/32"}],"replies":[{"embeddable":true,"href":"https:\/\/www.terveilm.ee\/leht\/wp-json\/wp\/v2\/comments?post=9224"}],"version-history":[{"count":2,"href":"https:\/\/www.terveilm.ee\/leht\/wp-json\/wp\/v2\/posts\/9224\/revisions"}],"predecessor-version":[{"id":9227,"href":"https:\/\/www.terveilm.ee\/leht\/wp-json\/wp\/v2\/posts\/9224\/revisions\/9227"}],"wp:featuredmedia":[{"embeddable":true,"href":"https:\/\/www.terveilm.ee\/leht\/wp-json\/wp\/v2\/media\/9225"}],"wp:attachment":[{"href":"https:\/\/www.terveilm.ee\/leht\/wp-json\/wp\/v2\/media?parent=9224"}],"wp:term":[{"taxonomy":"category","embeddable":true,"href":"https:\/\/www.terveilm.ee\/leht\/wp-json\/wp\/v2\/categories?post=9224"},{"taxonomy":"post_tag","embeddable":true,"href":"https:\/\/www.terveilm.ee\/leht\/wp-json\/wp\/v2\/tags?post=9224"}],"curies":[{"name":"wp","href":"https:\/\/api.w.org\/{rel}","templated":true}]}}