{"id":9415,"date":"2018-04-23T18:25:41","date_gmt":"2018-04-23T15:25:41","guid":{"rendered":"http:\/\/www.terveilm.ee\/leht\/?p=9415"},"modified":"2018-04-23T18:25:41","modified_gmt":"2018-04-23T15:25:41","slug":"homme-tahistatakse-moerevolutsiooni-paeva","status":"publish","type":"post","link":"https:\/\/www.terveilm.ee\/leht\/blogi\/homme-tahistatakse-moerevolutsiooni-paeva\/","title":{"rendered":"Homme t\u00e4histatakse moerevolutsiooni p\u00e4eva"},"content":{"rendered":"<p class=\"western\" align=\"LEFT\"><strong><span style=\"color: #1b1c20;\"><span style=\"font-family: ProximaNova-Regular, arial, sans-serif;\"><span style=\"font-size: medium;\">Viis aastat tagasi 24. aprillil varises Bangladeshi pealinna l\u00e4histel kokku Rana Plaza tehasekompleks. Surma sai 1133 inimest ja vigastada veel tuhandeid inimesi. Selle p\u00e4eva m\u00e4lestuseks k\u00fcsivad tarbijad 24. aprillil \u00fcle maailma \u201cKes minu riided tegi?\u201d<\/span><\/span><\/span><\/strong><\/p>\n<p class=\"western\" align=\"LEFT\"><span style=\"color: #1b1c20;\"><span style=\"font-family: ProximaNova-Regular, arial, sans-serif;\"><span style=\"font-size: medium;\">Rana Plaza tehases valmistati mitmete tuntud br\u00e4ndide tooteid, kes v\u00e4itsid, et ei teadnud tehase olukorrast ega halbadest t\u00f6\u00f6tingimustest, kuna tegu ei olnud nende otsese lepingupartneri, vaid allhankijaga. Selle<\/span><\/span><\/span> <span style=\"color: #1b1c20;\"><span style=\"font-family: ProximaNova-Regular, arial, sans-serif;\"><span style=\"font-size: medium;\">s\u00fcndmuse valguses sai selgeks, et enamik meist ei tea, kuidas ja kus on meie riided toodetud v\u00f5i kui laastavad v\u00f5ivad olla selle tootmisharu m\u00f5jud.<\/span><\/span><\/span><\/p>\n<p class=\"western\" align=\"LEFT\"><span style=\"color: #1b1c20;\"><span style=\"font-family: ProximaNova-Regular, arial, sans-serif;\"><span style=\"font-size: medium;\">AK\u00dc kommunikatsioonijuht Katrin P\u00e4rgm\u00e4e s\u00f5nul on oluline r\u00e4\u00e4kida moet\u00f6\u00f6stuse tegelikust m\u00f5just ja sellega seotud valearvamustest: \u201cVahel arvatakse, nagu annaks ostjad tehaste t\u00f6\u00f6listele t\u00f6\u00f6d ja leiba ning v\u00e4hem tarbimine j\u00e4tab nad t\u00f6\u00f6st ilma. Tegelikult ei ole seost poes m\u00fc\u00fcdava kauba ja inimeste palgataseme vahel, madal palk on pigem s\u00fcsteemi viga. Kui tootja sooviks n\u00e4iteks tehaset\u00f6\u00f6liste palka t\u00f5sta inimv\u00e4\u00e4rsele tasemele, maksaksime meie T-s\u00e4rgi eest vaid m\u00f5nik\u00fcmmend senti rohkem.\u201c<\/span><\/span><\/span><\/p>\n<p class=\"western\" align=\"LEFT\"><span style=\"color: #1b1c20;\">\u201c<span style=\"font-family: ProximaNova-Regular, arial, sans-serif;\"><span style=\"font-size: medium;\">Suurem probleem on hoopis selles, et kogu maailmas kasvab keskklassi osakaal, kes soovivad uusi riideid osta ja juba praegu on moet\u00f6\u00f6stus suurem reostuse p\u00f5hjustaja kui transpordisektor, r\u00e4\u00e4kimata t\u00f6\u00f6liste ebainimlikust kohtlemisest ja kemikaalide m\u00f5just nende tervisele. Inimeste ja looduse s\u00e4\u00e4stmiseks peaksime tegelema moet\u00f6\u00f6stuse aeglustamisega \u2013 ostma \u00f5iglaselt valmistatud riideid, mis kestavad kaua. R\u00f5ivaste taaskasutus ja parandamine hoiab kokku vett ja energiat, mida iga uue riideeseme valmistamine n\u00f5uab.\u201d selgitas P\u00e4rgm\u00e4e.<\/span><\/span><\/span><\/p>\n<p class=\"western\" align=\"LEFT\"><span style=\"color: #1b1c20;\"><span style=\"font-family: ProximaNova-Regular, arial, sans-serif;\"><span style=\"font-size: medium;\">Iga\u00fcks meist saab tunda huvi, kes peitub br\u00e4ndi nime taga \u2013 kes tema r\u00f5ivad valmistas. Moerevolutsiooni n\u00e4dalal julgustame inimesi tegema fotosid enda riiete siltidest ja postitama neid sotsiaalmeedias m\u00e4rkega #whomademyclothes<\/span><\/span><\/span><\/p>\n<p class=\"western\" align=\"LEFT\"><span style=\"color: #1b1c20;\"><span style=\"font-family: ProximaNova-Regular, arial, sans-serif;\"><span style=\"font-size: medium;\">Tasuta pildid ja kujundusmaterjal inglise keeles <a href=\"https:\/\/www.fashionrevolution.org\/resources\/free-downloads\" target=\"_blank\" rel=\"noopener\">Fashionrevolution.org<\/a> lehel\u00a0<\/span><\/span><\/span><\/p>\n<p>Selle aasta moerevolutsiooni p\u00e4eva video leiab <a href=\"https:\/\/www.facebook.com\/fashionrevolutionestonia\" target=\"_blank\" rel=\"noopener\">Fashion Revolution Estonia lehelt\u00a0<\/a><\/p>\n<p class=\"western\" align=\"LEFT\"><span style=\"color: #1b1c20;\"><span style=\"font-family: ProximaNova-Regular, arial, sans-serif;\"><span style=\"font-size: medium;\">\u00a0<\/span><\/span><\/span><\/p>\n","protected":false},"excerpt":{"rendered":"<p>Viis aastat tagasi 24. aprillil varises Bangladeshi pealinna l\u00e4histel kokku Rana Plaza tehasekompleks. Surma sai 1133 inimest ja vigastada veel&#8230;<\/p>\n","protected":false},"author":32,"featured_media":9416,"comment_status":"open","ping_status":"open","sticky":false,"template":"","format":"standard","meta":{"_acf_changed":false,"footnotes":""},"categories":[3],"tags":[23,26,24],"class_list":["post-9415","post","type-post","status-publish","format-standard","has-post-thumbnail","hentry","category-blogi","tag-inimoigused","tag-loodushoid","tag-tarbimine"],"acf":[],"_links":{"self":[{"href":"https:\/\/www.terveilm.ee\/leht\/wp-json\/wp\/v2\/posts\/9415","targetHints":{"allow":["GET"]}}],"collection":[{"href":"https:\/\/www.terveilm.ee\/leht\/wp-json\/wp\/v2\/posts"}],"about":[{"href":"https:\/\/www.terveilm.ee\/leht\/wp-json\/wp\/v2\/types\/post"}],"author":[{"embeddable":true,"href":"https:\/\/www.terveilm.ee\/leht\/wp-json\/wp\/v2\/users\/32"}],"replies":[{"embeddable":true,"href":"https:\/\/www.terveilm.ee\/leht\/wp-json\/wp\/v2\/comments?post=9415"}],"version-history":[{"count":1,"href":"https:\/\/www.terveilm.ee\/leht\/wp-json\/wp\/v2\/posts\/9415\/revisions"}],"predecessor-version":[{"id":9417,"href":"https:\/\/www.terveilm.ee\/leht\/wp-json\/wp\/v2\/posts\/9415\/revisions\/9417"}],"wp:featuredmedia":[{"embeddable":true,"href":"https:\/\/www.terveilm.ee\/leht\/wp-json\/wp\/v2\/media\/9416"}],"wp:attachment":[{"href":"https:\/\/www.terveilm.ee\/leht\/wp-json\/wp\/v2\/media?parent=9415"}],"wp:term":[{"taxonomy":"category","embeddable":true,"href":"https:\/\/www.terveilm.ee\/leht\/wp-json\/wp\/v2\/categories?post=9415"},{"taxonomy":"post_tag","embeddable":true,"href":"https:\/\/www.terveilm.ee\/leht\/wp-json\/wp\/v2\/tags?post=9415"}],"curies":[{"name":"wp","href":"https:\/\/api.w.org\/{rel}","templated":true}]}}