{"id":9421,"date":"2018-04-24T13:45:01","date_gmt":"2018-04-24T10:45:01","guid":{"rendered":"http:\/\/www.terveilm.ee\/leht\/?p=9421"},"modified":"2018-08-17T11:16:53","modified_gmt":"2018-08-17T08:16:53","slug":"erilised-tavalised-eestimaalased-saage-tuttavaks-dami","status":"publish","type":"post","link":"https:\/\/www.terveilm.ee\/leht\/blogi\/erilised-tavalised-eestimaalased-saage-tuttavaks-dami\/","title":{"rendered":"Erilised tavalised eestimaalased: saage tuttavaks, Dami!"},"content":{"rendered":"<p class=\"western\">Dami, 29, nigeerlanna, disainer (taaskasutus).<\/p>\n<p class=\"western\">Kohtume Damiga k\u00fclmal talvep\u00e4eval kohvikus, kus \u00fcldise halli ja k\u00fclma taustal tundub naine nagu veebruarikuised maasikad lumises metsas. Vastu tulevad v\u00e4rvid, elu ja r\u00f5\u00f5m on hoopis midagi muud, kui harjumusp\u00e4rane p\u00f5hjamaine kargus.<\/p>\n<p class=\"western\">Damiela tuli Eestisse 3,5 aastat tagasi omandamaks magistrikraadi Tallinna Tehnika\u00fclikoolis. Eestist ja Tallinnast ei teadnud ta varem midagi, sattus Maarjamaa peale erinevaid magistriprogramme otsides. Googeldas leidis neti avarustest palju intrigeerivat ning t\u00f5des, et Eestis on k\u00f5ik t\u00e4iesti teistmoodi kui tema koduriigis Nigeerias. Samas oli saadud info nii huvitav ja \u00e4ge, et soovis just siin oma \u00f5pinguid j\u00e4tkata. K\u00f5ik viitas ka sellele, et siin on v\u00e4ga k\u00fclm ja kuna ta ei olnud kunagi talve kogenud, siis tekkis soov seda proovida. Tallinna vanalinna pildid, aga j\u00e4tsid naisele nii s\u00fcgava mulje, et ta n\u00e4gi seda enne Eestisse saabumist pidevalt unes. Just seet\u00f5ttu sai Tallinna vanalinn ka portree taustaks, mis vaheldub tema teise t\u00e4hendusliku paigaga, s\u00fcnnilinna Lagose panoraamiga.<\/p>\n<div class=\"flx-embed\">\n<div style=\"position: relative; height: 0; padding-bottom: 65.65%; width: 100%;\"><iframe loading=\"lazy\" style=\"position: absolute; top: 0; left: 0; width: 100%; height: 100%;\" src=\"https:\/\/media.flixel.com\/cinemagraph\/wn7hf5zmim6z564inhh2?hd=false\" width=\"300\" height=\"150\" frameborder=\"0\" allowfullscreen=\"allowfullscreen\"><\/iframe><\/div>\n<\/div>\n<p class=\"western\">Eesti talve kohta \u00fctleb Dami: \u201eSee meeldib mulle, kui sajab ilusaid r\u00e4itsakaid ja on lumine, aga miinus kaksk\u00fcmment kraadi&#8230;&#8230;uhhhh\u201c ja kostub nakatav naer. \u201eEsimesel aastal oli kohutav, ma olin kogu aeg paksult riides, isegi kui oli ebamugav, aga ikka panind kolm paari sokke jalga, aga siis ma otsustasin, et ma pean selle kuidagi enda jaoks t\u00f6\u00f6le saama ja n\u00fc\u00fcd ma ei kanna kunagi enam jope all pikkade varrukatega pluusi!\u201c<\/p>\n<p class=\"western\">Ilmast r\u00e4\u00e4kides \u00fctleb moedisainer, et ta jumaldab ka siinset s\u00fcgist, k\u00f5iki neid v\u00e4rve ja seda ilu. Samamoodi jumaldab ta v\u00e4rve ja erinevate mustrite kombineerimist enda r\u00f5ivadisainis. Eestisse tulles oli tema jaoks kultuurishokk, et k\u00f5ik kandsid musta. Ta saab aru, et p\u00f5hjamaine stiil on hoopis midagi muud, kuid siinsete naistega r\u00e4\u00e4kides on ta aru saanud, et sageli ka ei julgete v\u00e4rvide ja mustritega m\u00e4ngida. Kardetakse eksida ning siin on turvalisem selga panna midagi beezi v\u00f5i musta, millega saab vaikselt sulanduda. Enda loominguga sooviks ta n\u00e4idata Aafrika v\u00f5rratuid mustreid ning neid ka kohalikele naistele sobilikus v\u00f5tmes pakkuda. Eestlastega vesteldes on ta aru saanud, et siinsed naised ei soovi sageli ka kirkaid r\u00f5ivaid, sest need lennutuvad su t\u00e4helapanu keskmesse, kus olla ei soovita. \u201eAga minu jaoks on v\u00e4rvid nii olulised, need n\u00e4itavad mu tuju, meelsust, k\u00f5ike \u2013 kui n\u00e4en kedagi v\u00e4rvides, siis ma naeratan!\u201c \u00fctleb Dami. Ta arvab, et v\u00e4rvid teevad inimesi r\u00f5\u00f5msamaks.<\/p>\n<p class=\"western\">\u00d5ppides keskkonnateadust (<i>Environmental Engineering)<\/i> m\u00f5istis naine soovi, et r\u00f5ivadisain oleks ka algusest l\u00f5puni j\u00e4tkusuutlik. Pidades silmas nii t\u00f6\u00f6j\u00f5udu, kui materjale ja tootmisprotsessi. \u201eMa soovin, et k\u00f5ik oleks kestlik algusest peale, mu unistus on olla j\u00e4tkusuutlik moedisainer. Aga alustuseks tahan eestlastele tutvustada Aafrika mustreid!\u201c \u00fctleb Dami nakatava naeru saatel. Praegu katsetab peamiselt taaskasutusest saadud r\u00f5ivastega, edaspidi plaanib ka hankida uusi kangaid, mis oleks keskkonnas\u00f5bralikud.<\/p>\n<p><a href=\"http:\/\/www.terveilm.ee\/leht\/wp-content\/uploads\/2018\/04\/Dami2.jpg\"><img loading=\"lazy\" decoding=\"async\" class=\"alignnone size-full wp-image-9423\" src=\"http:\/\/www.terveilm.ee\/leht\/wp-content\/uploads\/2018\/04\/Dami2.jpg\" alt=\"\" width=\"967\" height=\"616\" srcset=\"https:\/\/www.terveilm.ee\/leht\/wp-content\/uploads\/2018\/04\/Dami2.jpg 967w, https:\/\/www.terveilm.ee\/leht\/wp-content\/uploads\/2018\/04\/Dami2-300x191.jpg 300w, https:\/\/www.terveilm.ee\/leht\/wp-content\/uploads\/2018\/04\/Dami2-768x489.jpg 768w\" sizes=\"auto, (max-width: 967px) 100vw, 967px\" \/><\/a><\/p>\n<p class=\"western\">Riideid sattus ta disainima t\u00e4nu oma emale, kes oli moedisainer ning omas v\u00e4ikest stuudiot Lagoses. Kui Damiela \u00fclikooli l\u00f5petas, v\u00f5ttis ta ema \u00e4ri \u00fcle ning juhtis seda kuni Eestisse tulemiseni. Lisaks sellele, et ema oli lakkamatu inspiratsiooniallikas, oli ta ka Damiela parim s\u00f5ber, kellega igap\u00e4evaselt neti vahendusel suheldi. Ema surmast m\u00f6\u00f6dunud s\u00fcgisel ei ole naine siiani p\u00e4riselt toibunud.<\/p>\n<p class=\"western\">Damile meeldib Eesti ja see, et siin on k\u00f5ik teisitmoodi, alates keelest kuni kultuurini. \u00d5ppides ja n\u00e4hes erinevusi muutub ise alati avatumaks. Ta p\u00fc\u00fcab k\u00f5ikides situatsioonides n\u00e4ha midagi head ja olla avatud uutele olukordadele ning inimestele.<\/p>\n<p class=\"western\">Nigeeria \u00fchiskonna puhul meeldib talle sealne kogukondlikus, Sind ei j\u00e4eta mitte kunagi \u00fcksi ning isegi v\u00f5\u00f5rad, m\u00e4rgates, et oled morn, p\u00fc\u00fcavad Sind naerma ajada. \u201eVahel kui on v\u00e4ga raske, siis avastad, et keegi just ajas sind naerma, siis saad aru, et j\u00e4relikult ei saa ju k\u00f5ik nii hull olla, kui ma ikka veel naeran.\u201c Kuigi see on ka vahel t\u00fc\u00fctu, siis on tal senini vahel raske harjuda siinse individualistliku \u00fchiskonnaga.<\/p>\n<p class=\"western\">\u00dchiseks jooneks nii eestlaste, kui nigeerlaste puhul peab Dami seda, et oma eesm\u00e4rgi nimel ollaks valmis l\u00e4bi minema kasv\u00f5i l\u00e4bi halli kivi. V\u00f5etakse midagi p\u00e4he ja tehakse lihtsalt \u00e4ra.<\/p>\n<p class=\"western\"><em>Arengukoost\u00f6\u00f6 \u00dcmarlaud tahab lugejatega jagada Eestis elavate inimeste kirjusid lugusid. T\u00e4na hirmutatakse meid sageli \u201cuue\u201d ja \u201cv\u00f5\u00f5raga\u201d, mis on kusagilt kaugelt piiri tagant tulemas v\u00f5i juba siin elab. Aga Eesti on alati olnud segu erinevatest inimestest, kes kunagi olid v\u00f5\u00f5rad, ent n\u00fc\u00fcd on omad, meie eestimaalased.<\/em><i><br \/>\n<\/i><em>Projekti toetab Euroopa Komisjon, kes ei vastuta kuidagi siinse sisu eest!<\/em><\/p>\n<p class=\"western\"><em>Pildid tegid Virgo Haan ja Heiki Laan.\u00a0<\/em><\/p>\n","protected":false},"excerpt":{"rendered":"<p>Dami, 29, nigeerlanna, disainer (taaskasutus). Kohtume Damiga k\u00fclmal talvep\u00e4eval kohvikus, kus \u00fcldise halli ja k\u00fclma taustal tundub naine nagu veebruarikuised&#8230;<\/p>\n","protected":false},"author":32,"featured_media":9422,"comment_status":"open","ping_status":"open","sticky":false,"template":"","format":"standard","meta":{"_acf_changed":false,"footnotes":""},"categories":[3],"tags":[31,26,29,24],"class_list":["post-9421","post","type-post","status-publish","format-standard","has-post-thumbnail","hentry","category-blogi","tag-aku","tag-loodushoid","tag-sundmused","tag-tarbimine"],"acf":[],"_links":{"self":[{"href":"https:\/\/www.terveilm.ee\/leht\/wp-json\/wp\/v2\/posts\/9421","targetHints":{"allow":["GET"]}}],"collection":[{"href":"https:\/\/www.terveilm.ee\/leht\/wp-json\/wp\/v2\/posts"}],"about":[{"href":"https:\/\/www.terveilm.ee\/leht\/wp-json\/wp\/v2\/types\/post"}],"author":[{"embeddable":true,"href":"https:\/\/www.terveilm.ee\/leht\/wp-json\/wp\/v2\/users\/32"}],"replies":[{"embeddable":true,"href":"https:\/\/www.terveilm.ee\/leht\/wp-json\/wp\/v2\/comments?post=9421"}],"version-history":[{"count":3,"href":"https:\/\/www.terveilm.ee\/leht\/wp-json\/wp\/v2\/posts\/9421\/revisions"}],"predecessor-version":[{"id":9731,"href":"https:\/\/www.terveilm.ee\/leht\/wp-json\/wp\/v2\/posts\/9421\/revisions\/9731"}],"wp:featuredmedia":[{"embeddable":true,"href":"https:\/\/www.terveilm.ee\/leht\/wp-json\/wp\/v2\/media\/9422"}],"wp:attachment":[{"href":"https:\/\/www.terveilm.ee\/leht\/wp-json\/wp\/v2\/media?parent=9421"}],"wp:term":[{"taxonomy":"category","embeddable":true,"href":"https:\/\/www.terveilm.ee\/leht\/wp-json\/wp\/v2\/categories?post=9421"},{"taxonomy":"post_tag","embeddable":true,"href":"https:\/\/www.terveilm.ee\/leht\/wp-json\/wp\/v2\/tags?post=9421"}],"curies":[{"name":"wp","href":"https:\/\/api.w.org\/{rel}","templated":true}]}}