{"id":9437,"date":"2018-04-27T11:34:56","date_gmt":"2018-04-27T08:34:56","guid":{"rendered":"http:\/\/www.terveilm.ee\/leht\/?p=9437"},"modified":"2018-04-27T11:38:29","modified_gmt":"2018-04-27T08:38:29","slug":"saaremaa-hoolib-homsest","status":"publish","type":"post","link":"https:\/\/www.terveilm.ee\/leht\/blogi\/saaremaa-hoolib-homsest\/","title":{"rendered":"Saaremaa hoolib homsest!"},"content":{"rendered":"<p><strong>13. &#8211; 14. aprill korraldas AK\u00dc koost\u00f6\u00f6s kohaliku kogukonnaga Saaremaal kestliku elustiili festivali Hoolides Homsest. Ideid ja nippe kestliku tuleviku jaoks jagasime nii meie kui kohalikud ja siiras r\u00f5\u00f5m oli n\u00e4ha, et Saaremaa inimesed t\u00f5esti hoolivad homsest, nagu meiegi.<\/strong><\/p>\n<p><span style=\"font-weight: 400;\">Toimus joonistusv\u00f5istlus Minu Saaremaa 2025, kus lapsed v\u00e4ga vahvalt edastasid oma ideid, kuidas nende kodupaik tulevikus v\u00e4lja n\u00e4eb ning milliseid lahendusi leitakse.\u201dH\u00e4sti tore oli n\u00e4ha, et noorte jaoks on loodus ja selle terviklikkuse s\u00e4ilimine h\u00e4sti oluline, eriti aga just metsaga seonduv. Nii m\u00f5nigi t\u00f6\u00f6 v\u00e4ljendas muret sagedaste lageraiete p\u00e4rast ning samas avaldasid lootust, et 2025. aastaks on olukord paranenud. Teisena j\u00e4i silma mandri ja Muhu vaheline sild, mida on laste arvates v\u00e4ga vaja, kuid nii m\u00f5negi t\u00f6\u00f6ga v\u00e4ljendati ka seda, et sild peaks olema siiski selliselt tehtud, et see ei segaks liialt veekogu \u00f6kos\u00fcsteemi. .\u201d \u00fctles joonistusv\u00f5istluse peakorraldaja Astrid Vaiksaar. <\/span><\/p>\n<div id=\"attachment_9438\" style=\"width: 544px\" class=\"wp-caption aligncenter\"><a href=\"http:\/\/www.terveilm.ee\/leht\/wp-content\/uploads\/2018\/04\/Joonistusv\u00f5istlus.jpg\"><img loading=\"lazy\" decoding=\"async\" aria-describedby=\"caption-attachment-9438\" class=\" wp-image-9438\" src=\"http:\/\/www.terveilm.ee\/leht\/wp-content\/uploads\/2018\/04\/Joonistusv\u00f5istlus-1024x719.jpg\" alt=\"\" width=\"534\" height=\"375\" srcset=\"https:\/\/www.terveilm.ee\/leht\/wp-content\/uploads\/2018\/04\/Joonistusv\u00f5istlus-1024x719.jpg 1024w, https:\/\/www.terveilm.ee\/leht\/wp-content\/uploads\/2018\/04\/Joonistusv\u00f5istlus-300x211.jpg 300w, https:\/\/www.terveilm.ee\/leht\/wp-content\/uploads\/2018\/04\/Joonistusv\u00f5istlus-768x539.jpg 768w, https:\/\/www.terveilm.ee\/leht\/wp-content\/uploads\/2018\/04\/Joonistusv\u00f5istlus.jpg 1220w\" sizes=\"auto, (max-width: 534px) 100vw, 534px\" \/><\/a><p id=\"caption-attachment-9438\" class=\"wp-caption-text\">7-9 klassi vanusegrupi esimese eriauhinna saavad Gert Lonks, Mark Lonks ja Rando Tarkmeel L\u00fcmanda P\u00f5hikoolist kunstiliselt h\u00e4sti teostatud t\u00f6\u00f6 eest.<\/p><\/div>\n<p><span style=\"font-weight: 400;\">Reedel toimus festivali akadeemilisem pool, kus EKA proffessor Hannes Praks pidas loengu p\u00f5nevatest ja teistsugustest loodusrajatisest ning arendas filosoofilist m\u00f5ttek\u00e4iku edust ja eba\u00f5nnestumistest. \u00d5htul vaatasime filmi \u201c Rohkem kui mesi\u201d ning arutlesime koos mesinike ja taime\u00f6koloogidega putukate olukorra \u00fcle nii Eestis, kui mujal. Kartus, et inimesi ei huvita tavaline loeng, oli asjatu &#8211; huvilisi oli 35 ringis ja oli n\u00e4ha, et see teema l\u00e4heb inimestele korda.<\/span><\/p>\n<p><span style=\"font-weight: 400;\">Laup\u00e4ev oli festivali peap\u00e4ev Saaremaa kultuurikeskuses, kus pilku p\u00fc\u00fcdsid saare ettev\u00f5tjad, kes hoolivad inimesest ja loodusest. Kaubavalik oli t\u00f5esti lai &#8211; uudistada ja osta sai k\u00e4sit\u00f6\u00f6seepe, taaskasutatud konservipurkidest tehtud lillepotte, mineraalkosmeetikat, aedviljadest tehtud kr\u00f5pse, villaseid mininukke ja palju muud. AK\u00dc tiim ei ole tavaliselt ostlemise pooldaja, kuid sealt laadalt tulime meiegi koju mitme uue asjaga, mis meid ja peresid pikalt r\u00f5\u00f5mustavad.<\/span><\/p>\n<p><a href=\"http:\/\/www.terveilm.ee\/leht\/wp-content\/uploads\/2018\/04\/laat.jpg\"><img loading=\"lazy\" decoding=\"async\" class=\" wp-image-9439 aligncenter\" src=\"http:\/\/www.terveilm.ee\/leht\/wp-content\/uploads\/2018\/04\/laat-1024x611.jpg\" alt=\"\" width=\"560\" height=\"334\" srcset=\"https:\/\/www.terveilm.ee\/leht\/wp-content\/uploads\/2018\/04\/laat-1024x611.jpg 1024w, https:\/\/www.terveilm.ee\/leht\/wp-content\/uploads\/2018\/04\/laat-300x179.jpg 300w, https:\/\/www.terveilm.ee\/leht\/wp-content\/uploads\/2018\/04\/laat-768x458.jpg 768w, https:\/\/www.terveilm.ee\/leht\/wp-content\/uploads\/2018\/04\/laat.jpg 1200w\" sizes=\"auto, (max-width: 560px) 100vw, 560px\" \/><\/a><\/p>\n<p><span style=\"font-weight: 400;\">Lisaks laadale pakkusime rohkesti harivat meelelahutust. Sai ise elektrit v\u00e4ndata ning arutleda taastuvenergia \u00fcle. Lapsed said kenasti t\u00f6\u00f6le LED lambid, tugevamad v\u00f5tsid pro\u017eektori ja kes t\u00f5eliselt trenni tahtis teha, sai f\u00f6\u00f6ni t\u00f6\u00f6le v\u00e4ndata. Virtuaalreaalsuses sai vaadata ookeani olukorda v\u00f5i n\u00e4ha p\u00f5genikelaagrit lapse silme l\u00e4bi. V\u00e4ikese ajaga tekkis virtuaalreaalsuse <\/span><span style=\"font-weight: 400;\">toolide taha lausa j\u00e4rjekord, mis p\u00fcsis seal festivali l\u00f5puni. <\/span><\/p>\n<p><span style=\"font-weight: 400;\">Keset ruumi sai kokku panna hiiglaslikku puslet, mis jutustab meil igap\u00e4evakasutuses olevate asjade saamisloost &#8211; kust tulevad kohv, avokaadod ja \u0161okolaad? Kui suured just t\u00f5siselt ei arutlenud, k\u00e4isid lapsed sokkides pusle peal keksu m\u00e4ngimas.<\/span><\/p>\n<p><a href=\"http:\/\/www.terveilm.ee\/leht\/wp-content\/uploads\/2018\/04\/pusle.jpg\"><img loading=\"lazy\" decoding=\"async\" class=\" wp-image-9441 aligncenter\" src=\"http:\/\/www.terveilm.ee\/leht\/wp-content\/uploads\/2018\/04\/pusle-1024x590.jpg\" alt=\"\" width=\"587\" height=\"338\" srcset=\"https:\/\/www.terveilm.ee\/leht\/wp-content\/uploads\/2018\/04\/pusle-1024x590.jpg 1024w, https:\/\/www.terveilm.ee\/leht\/wp-content\/uploads\/2018\/04\/pusle-300x173.jpg 300w, https:\/\/www.terveilm.ee\/leht\/wp-content\/uploads\/2018\/04\/pusle-768x442.jpg 768w, https:\/\/www.terveilm.ee\/leht\/wp-content\/uploads\/2018\/04\/pusle.jpg 1200w\" sizes=\"auto, (max-width: 587px) 100vw, 587px\" \/><\/a><\/p>\n<p><span style=\"font-weight: 400;\">Kellel pikast p\u00e4evast k\u00f5ht t\u00fchjaks l\u00e4ks, sai keha kinnitada vegan kohvikus v\u00f5i maitsta Afgaani toite. V\u00e4ikesed k\u00fclalised olid v\u00e4ga t\u00e4nulikud kahele nigeerlannale &#8211; Jenniferile ja Tamile, kes tegid lastele tasuta imekenasid patse ja t\u00f5id naeratuse nii laste kui vanemate n\u00e4ole.<\/span><\/p>\n<p><span style=\"font-weight: 400;\">Populaarsed olid erinevad loengud ja t\u00f6\u00f6toad &#8211; \u00f5ppisime ise ja jagasime teistega, kuidas teha vanadest ehetest uued, valmistada endale deodoranti (fotol) v\u00f5i vegan burgerit.<\/span><\/p>\n<p><a href=\"http:\/\/www.terveilm.ee\/leht\/wp-content\/uploads\/2018\/04\/t88toad.jpg\"><img loading=\"lazy\" decoding=\"async\" class=\"wp-image-9442 aligncenter\" src=\"http:\/\/www.terveilm.ee\/leht\/wp-content\/uploads\/2018\/04\/t88toad-1024x521.jpg\" alt=\"\" width=\"599\" height=\"305\" srcset=\"https:\/\/www.terveilm.ee\/leht\/wp-content\/uploads\/2018\/04\/t88toad-1024x521.jpg 1024w, https:\/\/www.terveilm.ee\/leht\/wp-content\/uploads\/2018\/04\/t88toad-300x153.jpg 300w, https:\/\/www.terveilm.ee\/leht\/wp-content\/uploads\/2018\/04\/t88toad-768x391.jpg 768w, https:\/\/www.terveilm.ee\/leht\/wp-content\/uploads\/2018\/04\/t88toad.jpg 1200w\" sizes=\"auto, (max-width: 599px) 100vw, 599px\" \/><\/a><\/p>\n<p>Iti P\u00e4llin<br \/>\nArengukoost\u00f6\u00f6 \u00dcmarlaua s\u00fcndmuste projektijuht<\/p>\n<p><em>Festivali aitasid korraldada Euroopa Komisjon ja V\u00e4lisministerium. Ait\u00e4h!<\/em><\/p>\n<p><a href=\"http:\/\/www.terveilm.ee\/leht\/wp-content\/uploads\/2017\/04\/EL-logo.jpg\"><img loading=\"lazy\" decoding=\"async\" class=\"alignnone wp-image-7723\" src=\"http:\/\/www.terveilm.ee\/leht\/wp-content\/uploads\/2017\/04\/EL-logo-1024x683.jpg\" alt=\"\" width=\"144\" height=\"96\" srcset=\"https:\/\/www.terveilm.ee\/leht\/wp-content\/uploads\/2017\/04\/EL-logo-1024x683.jpg 1024w, https:\/\/www.terveilm.ee\/leht\/wp-content\/uploads\/2017\/04\/EL-logo-300x200.jpg 300w\" sizes=\"auto, (max-width: 144px) 100vw, 144px\" \/>\u00a0\u00a0<\/a> <a href=\"http:\/\/www.terveilm.ee\/leht\/wp-content\/uploads\/2017\/04\/EAK-838x427-4x-vaiksem-arengukoostoo.png\"><img loading=\"lazy\" decoding=\"async\" class=\"alignnone size-full wp-image-7724\" src=\"http:\/\/www.terveilm.ee\/leht\/wp-content\/uploads\/2017\/04\/EAK-838x427-4x-vaiksem-arengukoostoo.png\" alt=\"\" width=\"210\" height=\"107\" \/><\/a><\/p>\n","protected":false},"excerpt":{"rendered":"<p>13. &#8211; 14. aprill korraldas AK\u00dc koost\u00f6\u00f6s kohaliku kogukonnaga Saaremaal kestliku elustiili festivali Hoolides Homsest. Ideid ja nippe kestliku tuleviku&#8230;<\/p>\n","protected":false},"author":32,"featured_media":9443,"comment_status":"open","ping_status":"open","sticky":false,"template":"","format":"standard","meta":{"_acf_changed":false,"footnotes":""},"categories":[3],"tags":[26,40,29,24],"class_list":["post-9437","post","type-post","status-publish","format-standard","has-post-thumbnail","hentry","category-blogi","tag-loodushoid","tag-sdg","tag-sundmused","tag-tarbimine"],"acf":[],"_links":{"self":[{"href":"https:\/\/www.terveilm.ee\/leht\/wp-json\/wp\/v2\/posts\/9437","targetHints":{"allow":["GET"]}}],"collection":[{"href":"https:\/\/www.terveilm.ee\/leht\/wp-json\/wp\/v2\/posts"}],"about":[{"href":"https:\/\/www.terveilm.ee\/leht\/wp-json\/wp\/v2\/types\/post"}],"author":[{"embeddable":true,"href":"https:\/\/www.terveilm.ee\/leht\/wp-json\/wp\/v2\/users\/32"}],"replies":[{"embeddable":true,"href":"https:\/\/www.terveilm.ee\/leht\/wp-json\/wp\/v2\/comments?post=9437"}],"version-history":[{"count":3,"href":"https:\/\/www.terveilm.ee\/leht\/wp-json\/wp\/v2\/posts\/9437\/revisions"}],"predecessor-version":[{"id":9446,"href":"https:\/\/www.terveilm.ee\/leht\/wp-json\/wp\/v2\/posts\/9437\/revisions\/9446"}],"wp:featuredmedia":[{"embeddable":true,"href":"https:\/\/www.terveilm.ee\/leht\/wp-json\/wp\/v2\/media\/9443"}],"wp:attachment":[{"href":"https:\/\/www.terveilm.ee\/leht\/wp-json\/wp\/v2\/media?parent=9437"}],"wp:term":[{"taxonomy":"category","embeddable":true,"href":"https:\/\/www.terveilm.ee\/leht\/wp-json\/wp\/v2\/categories?post=9437"},{"taxonomy":"post_tag","embeddable":true,"href":"https:\/\/www.terveilm.ee\/leht\/wp-json\/wp\/v2\/tags?post=9437"}],"curies":[{"name":"wp","href":"https:\/\/api.w.org\/{rel}","templated":true}]}}