{"id":9490,"date":"2018-05-24T13:23:05","date_gmt":"2018-05-24T10:23:05","guid":{"rendered":"http:\/\/www.terveilm.ee\/leht\/?p=9490"},"modified":"2018-08-17T11:16:01","modified_gmt":"2018-08-17T08:16:01","slug":"jelena-skulskaja","status":"publish","type":"post","link":"https:\/\/www.terveilm.ee\/leht\/blogi\/jelena-skulskaja\/","title":{"rendered":"Erilised tavalised eestimaalased: saage tuttavaks, Jelena!"},"content":{"rendered":"<p class=\"western\">Jelena, 67, kosmopoliit<\/p>\n<p class=\"western\">Jelena j\u00e4\u00e4b oma rahvusest r\u00e4\u00e4kides m\u00f5tlikuks ja s\u00f5nastab selle siis nii: \u201eMa olen oma vanemate poolt juut, aga peale nende lahkumist lasin end ristida. Kuna Vene kultuur on arenenud \u00f5igeusu pinnalt, siis on mulle v\u00e4ga t\u00e4htis, et ma olen \u00f5igeusku ristitud. Samas on mulle v\u00e4ga oluline, et ma olen Eesti kodanik, t\u00e4psemalt vaba Eesti kodanik. Juudi p\u00e4ritolu on mulle \u00e4\u00e4rmiselt oluline. See kolmnurk on minu jaoks t\u00e4htis ja moodustab terviku.\u201c<\/p>\n<p class=\"western\">Jelena on s\u00fcndinud Tallinnas. Tema vanemad oli Kiievist p\u00e4rit juudid, kes sattusid Eestisse peale teist maailms\u00f5da. Jelena aknalaual on s\u00f5branna tehtud <span style=\"color: #000000;\"><span style=\"font-family: 'Linux Libertine', Georgia, Times, serif;\"><span lang=\"en\">Shakespeare<\/span><\/span><\/span> nukk, mis on justkui meenutus isast, kes kuulutati 1949 aastal kosmopoliidiks (sel ajal oli see negatiivne termin ehk inimene, kellel ei ole kodumaaad, kes ei austa kodumaad, seega ei pea ka teda ennast austama). Nimelt oli isa avaldanud artikli, milles \u00fctles, et Shakespeare on maailma parima luuletaja. Ka kodus tsideeriti Shakespeare v\u00e4rsse, mis j\u00e4id lapsena Jelenale p\u00e4he. Peale edukaid romaane isa k\u00fcll rehabiliteeriti, kuid Stalini preemiat ei olnud ta n\u00f5us hilisemas elus vastu v\u00f5tma.<\/p>\n<p class=\"western\">Vanemad otsustasid Jelena panna Eesti lasteaeda hoolimata sellest, et kodune keel oli vene keel ning aias keegi s\u00f5nagi vene keelt ei r\u00e4\u00e4kinud. Peale lasteaeda j\u00e4tkusid \u00f5pingud vene koolis ning eesti keel j\u00e4i unarusse.<\/p>\n<div class=\"flx-embed\">\n<div style=\"position: relative; height: 0; padding-bottom: 65.82%; width: 100%;\"><iframe loading=\"lazy\" style=\"position: absolute; top: 0; left: 0; width: 100%; height: 100%;\" src=\"https:\/\/media.flixel.com\/cinemagraph\/c9hosooboayk0q1xe294?hd=false\" width=\"300\" height=\"150\" frameborder=\"0\" allowfullscreen=\"allowfullscreen\"><\/iframe><\/div>\n<\/div>\n<p style=\"text-align: center;\"><em>Pildistame Jelenat tema Harju t\u00e4nava kodus, mis on t\u00e4is raamatuid ja kunstiteoseid ning kus seinad s\u00f5na otses m\u00f5ttes pakatavad kultuurist. Jelena teine armastatud koht on St Peterburgis, tema kalli t\u00fctre korter, mis on samasugune kultuuripesa nagu Harju t\u00e4nava kodugi.\u00a0<\/em><\/p>\n<p>&nbsp;<\/p>\n<p class=\"western\">\u00dclikooli aeg m\u00f6\u00f6dus Tartus, kus peale naljakat intsidenti hakkas Jelena esmakordselt m\u00f5tlema n\u00f5ukogude v\u00f5imu vastaselt \u201eMul oli juhuslikult trikoloori v\u00e4rvi kleit, ema oli lihtsalt selle riide kuskilt saanud ja mulle \u00f5mmelda lasknud. Mind aga n\u00e4hti selles kleidis ja kutsuti dekanaati aru andma kleidi kandmise tagam\u00f5ttest.\u201c naerab Jelena. \u201eTol hetkel ei olnud mul mingit tagam\u00f5tet, aga peale seda hakkasin rohkem j\u00e4rele m\u00f5tlema ning tajusin juba seitsmeteistaastasena Tartu \u00dclikoolis, et n\u00f5ukogude vaim &#8211; see on minu vastane vaim.\u201c<\/p>\n<p class=\"western\">Jelena sai ka teadlikuks, mida Stalini ajal tehti kirjanikega, kunstnikega ja kultuuriinimestega. Kuidas neid piinati, mismoodi nad laagrites n\u00e4lga surid ning kuidas masendusest enesetappe tegid. \u201eMinu armsamad!\u201c \u00fctleb Jelena emotsionaalselt ning tunnistab, et tal tuleb sellest tudengitele r\u00e4\u00e4\u00e4kides siiani pisarad silma.<\/p>\n<p><strong>Teine kord keelt \u00f5ppida<\/strong><\/p>\n<p class=\"western\">Peale Tartut l\u00e4ks naine tagasi Tallinnasse, Eesti kooli \u00f5petajaks. Seal pidi ta uuesti eesti keelt \u00f5ppima asuma: \u201eMa olin klassijuhataja Eesti koolis ning mu lapsed r\u00e4\u00e4kisid ju eesti keelt!\u201c h\u00fc\u00fctab Jelena. \u201eSee oli minu jaoks teine katse eesti keele \u00f5ppimisel, lasteaias sain juba korra hakkama ja tuli uuesti saada.\u201c lisab Jelena meelekindlalt. Jelena r\u00e4\u00e4gib, et \u00f5ppima asudes r\u00e4\u00e4kis ta v\u00e4ikese lapse keelt, mille areng oli lasteaias seiskunud.<\/p>\n<p class=\"western\">\u00d5ppimisele aitas kaasa s\u00fcvenemine Eesti luulesse ning kirjandusse, hea s\u00f5bra Juhan Viidinguga t\u00f5lkisid nad \u00fcksteise v\u00e4rsse ning Jelena sukeldus \u00fcha enam ka Eesti kirjandusse. 29 aastaselt sai temast Eesti kirjanike liidu liige. Sellest ajast on nii eesti keel, kirjandus, kui luule m\u00f5jutanud Jelena loomingut. Naine r\u00e4\u00e4gib, et sel ajal ja ka t\u00e4nap\u00e4eval kirjutavad vene luules k\u00f5ik riimis ja rangelt organiseeritult. Aga Eestis oli juba siis vabav\u00e4rss, m\u00f5nes m\u00f5ttes oli see ka vabaduse m\u00e4rk. \u201eMind v\u00e4ga motiveeris, et kui ma saatsin oma luuletusi Moskvasse v\u00f5i Lenigradi, siis sain sageli vastuseks hoopis k\u00fcsimuse ning uuriti kas tegemist on orginaaliga v\u00f5i t\u00f5lkega eesti keelest.\u201c<\/p>\n<p class=\"western\">Ma olin juba noorena pooleldi Eesti ja pooleldi Vene kultuuriinimene ning minu jaoks on selle silla ehitamine olnud v\u00e4ga t\u00e4htis: \u201eMa soovin tutvustada eesti kirjandust Venemaal\u201c<\/p>\n<p class=\"western\">Paark\u00fcmmend aastat tagasi kohtus naine juhuslikult Juku \u2013 Kalle Raidiga, kes teda ajakirja KesKusi juurde kutsus ning Eesti kultuuri seltskonda t\u00f5mbas. Ta r\u00e4\u00e4kis Jelenaga ainult eesti keelt: \u201eMa pidin \u00f5ppima sellest s\u00fcvitsi aru saama ja Juku- Kalle v\u00e4ga kannatlikult \u00f5petas mind.\u201c Raid t\u00f5lkis eesti keelde ka Jelena esseede kogumiku.<\/p>\n<p class=\"western\">Jelenat on v\u00e4ga huvitanud kahe kultuuri kohtumine &#8211; ta on teinud luulelavastusi, kus osalised on eesti ja vene n\u00e4itlejad ning nad pidid \u00f5ppima teineteise keelt. Eesti n\u00e4itlejad lugesid venekeelset luulet ja vastupidi. See v\u00f5ib alguses tekitada kohmetust ja ehmatust, kuid m\u00f5ne aja m\u00f6\u00f6dudes l\u00e4heb suhtlus n\u00e4itlejate vahe ladusaks.<\/p>\n<p><strong>Kes r\u00e4\u00e4gib k\u00f5ige halvemini, saab k\u00f5ige suurema osa<\/strong><\/p>\n<p class=\"western\">Ka lastelavastusi teeb Jelena lastega kahes keeles. Noortega on asjad nii organiseeritud, et kes r\u00e4\u00e4gib keelt k\u00f5ige halvemini, saab k\u00f5ige suurema osa, sel viisil \u00f5pitakse keel kiiresti selgeks. Praegu on lasvatused projektip\u00f5hised, aga Jelenal on suur unistus, et tal oleks oma stuudio, kuhu iga teismeline saab tulla ja teatrit teha.<\/p>\n<p class=\"western\">Jelena ei valiks lapsi mingite kriteeriumite j\u00e4rgi ning ei annaks hinnanguid: \u201eSina oled andekas, sina ei ole. Iga\u00fcks v\u00f5iks saada oma rolli, t\u00e4htis on olla trupis osaline.\u201c Jelena \u00fctleb, et kui t\u00e4iskasvanutega v\u00f5ib ta konflikti sattuda, siis lastega mitte kunagi. Tal on oskus t\u00f6\u00f6tada noortega ning tuua neist alati v\u00e4lja parim. \u201eNoored keeravad alati minu poole oma parima k\u00fclje ning mina aitan sellel veelgi areneda. Noortega on mul suurep\u00e4rane suhe, s\u00fcnnip\u00e4evadel helistavad mulle endised \u00f5pilased \u00fcle maailma ja astuvad kodust l\u00e4bi, sest nad teavad, et sel p\u00e4eval ma ootan neid. Ma armastan neid k\u00f5iki ja nende saatus l\u00e4heb mulle korda, nad helistavad ja annavad mulle teada oma elu t\u00e4hts\u00fcndmustest nagu abiellumine, laste saamine v\u00f5i t\u00f6\u00f6alased preemiad.\u201c<\/p>\n<p class=\"western\"><em>Arengukoost\u00f6\u00f6 \u00dcmarlaud tahab lugejatega jagada Eestis elavate inimeste kirjusid lugusid. T\u00e4na hirmutatakse meid sageli \u201cuue\u201d ja \u201cv\u00f5\u00f5raga\u201d, mis on kusagilt kaugelt piiri tagant tulemas v\u00f5i juba siin elab. Aga Eesti on alati olnud segu erinevatest inimestest, kes kunagi olid v\u00f5\u00f5rad, ent n\u00fc\u00fcd on omad, meie eestimaalased.<\/em><i><br \/>\n<\/i><em>Projekti toetab Euroopa Komisjon, kes ei vastuta kuidagi siinse sisu eest!<\/em><\/p>\n<p class=\"western\"><em>Pildid tegid Virgo Haan ja Heiki Laan. Meigi v\u00f5lus valmis Sevil \u0160ukjurova.<\/em><\/p>\n","protected":false},"excerpt":{"rendered":"<p>Jelena, 67, kosmopoliit Jelena j\u00e4\u00e4b oma rahvusest r\u00e4\u00e4kides m\u00f5tlikuks ja s\u00f5nastab selle siis nii: \u201eMa olen oma vanemate poolt juut,&#8230;<\/p>\n","protected":false},"author":32,"featured_media":9493,"comment_status":"open","ping_status":"open","sticky":false,"template":"","format":"standard","meta":{"_acf_changed":false,"footnotes":""},"categories":[3],"tags":[31,22,23,29],"class_list":["post-9490","post","type-post","status-publish","format-standard","has-post-thumbnail","hentry","category-blogi","tag-aku","tag-haridus","tag-inimoigused","tag-sundmused"],"acf":[],"_links":{"self":[{"href":"https:\/\/www.terveilm.ee\/leht\/wp-json\/wp\/v2\/posts\/9490","targetHints":{"allow":["GET"]}}],"collection":[{"href":"https:\/\/www.terveilm.ee\/leht\/wp-json\/wp\/v2\/posts"}],"about":[{"href":"https:\/\/www.terveilm.ee\/leht\/wp-json\/wp\/v2\/types\/post"}],"author":[{"embeddable":true,"href":"https:\/\/www.terveilm.ee\/leht\/wp-json\/wp\/v2\/users\/32"}],"replies":[{"embeddable":true,"href":"https:\/\/www.terveilm.ee\/leht\/wp-json\/wp\/v2\/comments?post=9490"}],"version-history":[{"count":5,"href":"https:\/\/www.terveilm.ee\/leht\/wp-json\/wp\/v2\/posts\/9490\/revisions"}],"predecessor-version":[{"id":9526,"href":"https:\/\/www.terveilm.ee\/leht\/wp-json\/wp\/v2\/posts\/9490\/revisions\/9526"}],"wp:featuredmedia":[{"embeddable":true,"href":"https:\/\/www.terveilm.ee\/leht\/wp-json\/wp\/v2\/media\/9493"}],"wp:attachment":[{"href":"https:\/\/www.terveilm.ee\/leht\/wp-json\/wp\/v2\/media?parent=9490"}],"wp:term":[{"taxonomy":"category","embeddable":true,"href":"https:\/\/www.terveilm.ee\/leht\/wp-json\/wp\/v2\/categories?post=9490"},{"taxonomy":"post_tag","embeddable":true,"href":"https:\/\/www.terveilm.ee\/leht\/wp-json\/wp\/v2\/tags?post=9490"}],"curies":[{"name":"wp","href":"https:\/\/api.w.org\/{rel}","templated":true}]}}