{"id":9833,"date":"2018-09-25T14:56:52","date_gmt":"2018-09-25T11:56:52","guid":{"rendered":"http:\/\/www.terveilm.ee\/leht\/?p=9833"},"modified":"2018-09-25T14:59:02","modified_gmt":"2018-09-25T11:59:02","slug":"aku-otsib-vorgustike-koordinaatorit","status":"publish","type":"post","link":"https:\/\/www.terveilm.ee\/leht\/blogi\/aku-otsib-vorgustike-koordinaatorit\/","title":{"rendered":"AK\u00dc otsib v\u00f5rgustike koordinaatorit"},"content":{"rendered":"<p><b>Arengukoost\u00f6\u00f6 \u00dcmarlaud t\u00f6\u00f6tab selle nimel, et Eesti edu m\u00f5\u00f5dupuuks saaks kestlik areng &#8211; terved ja \u00f5nnelikud inimesed, taastatud loodus ja majandus, millest v\u00f5idavad k\u00f5ik. Seisame ka selle eest, et Eesti teeks head ja m\u00f5jukat arengukoost\u00f6\u00f6d ning meie heaolu ei tuleks teiste riikide arvelt. <\/b><\/p>\n<h3><span style=\"font-weight: 400;\">Kes v\u00f5iks olla AK\u00dc v\u00f5rgustike koordinaator?<\/span><\/h3>\n<ul>\n<li style=\"font-weight: 400;\"><span style=\"font-weight: 400;\">Oled algataja, oskad uusi v\u00f5rgustikke k\u00e4ima t\u00f5mmata, Sul on kokkupuude m\u00f5ne olulise \u00fchiskondliku probleemi lahendamisega.<\/span><\/li>\n<li style=\"font-weight: 400;\"><span style=\"font-weight: 400;\">Oled hea kaasaja &#8211; oskad suures grupis leida \u00fchisosa, millest on k\u00f5igil kasu.<\/span><\/li>\n<li style=\"font-weight: 400;\"><span style=\"font-weight: 400;\">Oled teinud tegevuskavasid, mille loomise juures on palju eri huvidega partnereid.<\/span><\/li>\n<li style=\"font-weight: 400;\"><span style=\"font-weight: 400;\">Sul on sihtide seadmise oskus ja v\u00f5imekus neid v\u00f5rgustikes ellu viia.<\/span><\/li>\n<li style=\"font-weight: 400;\"><span style=\"font-weight: 400;\">Kestlik areng paneb Sul silmad s\u00e4rama.<\/span><\/li>\n<li style=\"font-weight: 400;\"><span style=\"font-weight: 400;\">Sul on energiat, et AK\u00dc tegevust Eestis ja Euroopas tutvustada.<\/span><\/li>\n<li style=\"font-weight: 400;\"><span style=\"font-weight: 400;\">Sind ei hirmuta b\u00fcrokraatia ja EL projektid.<\/span><\/li>\n<li style=\"font-weight: 400;\"><span style=\"font-weight: 400;\">Sul on suurep\u00e4rane eesti ja inglise keele oskus nii k\u00f5nes kui kirjas. <\/span><\/li>\n<\/ul>\n<h3><span style=\"font-weight: 400;\">T\u00f6\u00f6\u00fclesanded<\/span><\/h3>\n<ul>\n<li style=\"font-weight: 400;\"><span style=\"font-weight: 400;\">Kestliku arenguga tegelevate v\u00f5rgustike loomine ja toetamine, t\u00f6\u00f6 strateegiline planeerimine.<\/span><\/li>\n<li style=\"font-weight: 400;\"><span style=\"font-weight: 400;\">Koolituste s\u00fcsteemi v\u00e4lja t\u00f6\u00f6tamine v\u00f5rgustike liikmetele.<\/span><\/li>\n<li style=\"font-weight: 400;\"><span style=\"font-weight: 400;\">S\u00fcndmuste korraldamine algusest l\u00f5puni &#8211; huvitavast sisust kuni kestliku toiduni.<\/span><\/li>\n<li style=\"font-weight: 400;\"><span style=\"font-weight: 400;\">V\u00f5rgustike esindamine seminaridel, konverentsidel ja kohtumistel.<\/span><\/li>\n<li style=\"font-weight: 400;\"><span style=\"font-weight: 400;\">Osalemine AK\u00dc meediat\u00f6\u00f6s.<\/span><\/li>\n<\/ul>\n<h3><span style=\"font-weight: 400;\">AK\u00dc pakub<\/span><\/h3>\n<ul>\n<li style=\"font-weight: 400;\"><span style=\"font-weight: 400;\">M\u00f5istlikku palka.<\/span><\/li>\n<li style=\"font-weight: 400;\"><span style=\"font-weight: 400;\">Paindlikku koormust &#8211; 50% <\/span><\/li>\n<li style=\"font-weight: 400;\"><span style=\"font-weight: 400;\">T\u00f6\u00f6kohta Telliskivi Loomelinnakus, ent ka v\u00f5imalust kodus t\u00f6\u00f6tada.<\/span><\/li>\n<li style=\"font-weight: 400;\"><span style=\"font-weight: 400;\">Teotahtelist kollektiivi ja head seltskonda.<\/span><\/li>\n<\/ul>\n<h3><span style=\"font-weight: 400;\">Kuidas kandideerida<\/span><\/h3>\n<p><span style=\"font-weight: 400;\">Kirjuta l\u00fchike m\u00f5ttearendus (A4 ehk 2500 tm) teemal: Kui saaksid luua v\u00f5rgustiku, mille eesm\u00e4rk on kestlik Eesti, siis kes oleksid selle liikmed ning millised oleksid tegevused?<\/span><\/p>\n<p><span style=\"font-weight: 400;\">Saada oma elulookirjeldus ja m\u00f5tted aadressile sigrid@terveilm.ee hiljemalt 9. oktoobril kell 17.00. T\u00f6\u00f6le asumise aeg 1. november 2018. \u00a0Lisainfo saamiseks kirjuta AK\u00dc juht Sigridile: sigrid@terveilm.ee.<\/span><\/p>\n","protected":false},"excerpt":{"rendered":"<p>Arengukoost\u00f6\u00f6 \u00dcmarlaud t\u00f6\u00f6tab selle nimel, et Eesti edu m\u00f5\u00f5dupuuks saaks kestlik areng &#8211; terved ja \u00f5nnelikud inimesed, taastatud loodus ja&#8230;<\/p>\n","protected":false},"author":32,"featured_media":8754,"comment_status":"open","ping_status":"open","sticky":false,"template":"","format":"standard","meta":{"_acf_changed":false,"footnotes":""},"categories":[3,7],"tags":[31],"class_list":["post-9833","post","type-post","status-publish","format-standard","has-post-thumbnail","hentry","category-blogi","category-uudised","tag-aku"],"acf":[],"_links":{"self":[{"href":"https:\/\/www.terveilm.ee\/leht\/wp-json\/wp\/v2\/posts\/9833","targetHints":{"allow":["GET"]}}],"collection":[{"href":"https:\/\/www.terveilm.ee\/leht\/wp-json\/wp\/v2\/posts"}],"about":[{"href":"https:\/\/www.terveilm.ee\/leht\/wp-json\/wp\/v2\/types\/post"}],"author":[{"embeddable":true,"href":"https:\/\/www.terveilm.ee\/leht\/wp-json\/wp\/v2\/users\/32"}],"replies":[{"embeddable":true,"href":"https:\/\/www.terveilm.ee\/leht\/wp-json\/wp\/v2\/comments?post=9833"}],"version-history":[{"count":2,"href":"https:\/\/www.terveilm.ee\/leht\/wp-json\/wp\/v2\/posts\/9833\/revisions"}],"predecessor-version":[{"id":9835,"href":"https:\/\/www.terveilm.ee\/leht\/wp-json\/wp\/v2\/posts\/9833\/revisions\/9835"}],"wp:featuredmedia":[{"embeddable":true,"href":"https:\/\/www.terveilm.ee\/leht\/wp-json\/wp\/v2\/media\/8754"}],"wp:attachment":[{"href":"https:\/\/www.terveilm.ee\/leht\/wp-json\/wp\/v2\/media?parent=9833"}],"wp:term":[{"taxonomy":"category","embeddable":true,"href":"https:\/\/www.terveilm.ee\/leht\/wp-json\/wp\/v2\/categories?post=9833"},{"taxonomy":"post_tag","embeddable":true,"href":"https:\/\/www.terveilm.ee\/leht\/wp-json\/wp\/v2\/tags?post=9833"}],"curies":[{"name":"wp","href":"https:\/\/api.w.org\/{rel}","templated":true}]}}